{"id":46296,"date":"2026-01-26T21:04:30","date_gmt":"2026-01-26T21:04:30","guid":{"rendered":"https:\/\/radiocresatelital.com\/?p=46296"},"modified":"2026-01-26T21:04:40","modified_gmt":"2026-01-26T21:04:40","slug":"ninos-y-jovenes-se-convierten-en-aliados-del-planeta-en-el-dia-mundial-de-la-educacion-ambiental","status":"publish","type":"post","link":"https:\/\/radiocresatelital.com\/?p=46296","title":{"rendered":"Ni\u00f1os y j\u00f3venes se convierten en aliados del planeta en el D\u00eda Mundial de la Educaci\u00f3n Ambiental"},"content":{"rendered":"<p>Guayaquil.- M\u00e1s de mil estudiantes participaron en la feria ambiental \u201cEcoH\u00e9roes en Acci\u00f3n: Aprendiendo a construir un futuro sostenible\u201d, desarrollada en la Unidad Educativa Ciencia y Fe, en el marco de la conmemoraci\u00f3n del D\u00eda Mundial de la Educaci\u00f3n Ambiental, que se celebr\u00f3 este 26 de enero.<\/p>\n<p>A trav\u00e9s de actividades l\u00fadicas, charlas educativas y din\u00e1micas interactivas, los estudiantes accedieron a espacios pedag\u00f3gicos dise\u00f1ados para aprender de manera did\u00e1ctica sobre sostenibilidad y protecci\u00f3n del medio ambiente, fomentando una participaci\u00f3n activa y reflexiva desde edades tempranas.<\/p>\n<p>La jornada fue impulsada por el Municipio de Guayaquil, mediante la Direcci\u00f3n General de Ambiente, bajo el liderazgo del alcalde Aquiles Alvarez, y busc\u00f3 fortalecer la conciencia ecol\u00f3gica entre ni\u00f1os y j\u00f3venes del cant\u00f3n.<\/p>\n<p>Durante el evento, diversas entidades municipales como EMAPAG, Circular EP, el Grupo Operativo de Control Ambiental y Mercados de Segura EP, y ProAnimal, desarrollaron actividades educativas enfocadas en el uso responsable del agua, el manejo adecuado de residuos no peligrosos, la protecci\u00f3n de la flora y fauna, as\u00ed como el cuidado de los animales de compa\u00f1\u00eda. Adem\u00e1s, la empresa Recicla Electronic recibi\u00f3 residuos electr\u00f3nicos entregados por los estudiantes y brind\u00f3 charlas sobre la correcta disposici\u00f3n de estos desechos para prevenir la contaminaci\u00f3n ambiental.<\/p>\n<p>\u201cEs una buena iniciativa de parte del municipio el poder concientizar sobre la necesidad de cuidar el medio ambiente. A nuestro alcalde muchas gracias por crear estos proyectos que son importantes para nuestros j\u00f3venes y nuestros ni\u00f1os\u201d, se\u00f1al\u00f3 la rectora de la instituci\u00f3n, Daysi Buitr\u00f3n.<\/p>\n<p>El entusiasmo de los estudiantes tambi\u00e9n fue evidente. Alina G\u00e1lvez, alumna de Sexto B, comparti\u00f3 su experiencia: \u201cAprend\u00ed que tengo valorar las cosas y ya no sirven reciclarlas, hay que cuidar el ambiente porque no podemos vivir sin eso\u201d.<\/p>\n<p>Desde 2023 hasta la actualidad, el Municipio de Guayaquil ha sensibilizado a m\u00e1s de 42.000 personas, principalmente ni\u00f1os, adolescentes y j\u00f3venes, mediante ferias, programas educativos y concursos ambientales que abordan temas como cambio clim\u00e1tico, gesti\u00f3n de residuos, biodiversidad y recursos h\u00eddricos.<\/p>\n","protected":false},"excerpt":{"rendered":"<p>Guayaquil.- M\u00e1s de mil estudiantes participaron en la feria ambiental \u201cEcoH\u00e9roes en Acci\u00f3n: Aprendiendo a construir un futuro sostenible\u201d, desarrollada en la Unidad Educativa Ciencia y Fe, en el marco de la conmemoraci\u00f3n del D\u00eda Mundial de la Educaci\u00f3n Ambiental, que se celebr\u00f3 este 26 de enero. A trav\u00e9s de actividades l\u00fadicas, charlas educativas y [&hellip;]<\/p>\n","protected":false},"author":2,"featured_media":46297,"comment_status":"open","ping_status":"closed","sticky":false,"template":"","format":"standard","meta":{"_jetpack_memberships_contains_paid_content":false,"footnotes":""},"categories":[33,13],"tags":[3655,7553,114,7554],"class_list":["post-46296","post","type-post","status-publish","format-standard","has-post-thumbnail","hentry","category-guayaquil","category-noticias-nacionales","tag-dia-mundial-de-la-educacion-ambiental","tag-ecoheroes-en-accion-aprendiendo-a-construir-un-futuro-sostenible","tag-municipio-de-guayaquil","tag-unidad-educativa-ciencia-y-fe"],"jetpack_featured_media_url":"https:\/\/radiocresatelital.com\/wp-content\/uploads\/2026\/01\/Fotos-Mundial-Medios-4.jpg","jetpack_sharing_enabled":true,"_links":{"self":[{"href":"https:\/\/radiocresatelital.com\/index.php?rest_route=\/wp\/v2\/posts\/46296","targetHints":{"allow":["GET"]}}],"collection":[{"href":"https:\/\/radiocresatelital.com\/index.php?rest_route=\/wp\/v2\/posts"}],"about":[{"href":"https:\/\/radiocresatelital.com\/index.php?rest_route=\/wp\/v2\/types\/post"}],"author":[{"embeddable":true,"href":"https:\/\/radiocresatelital.com\/index.php?rest_route=\/wp\/v2\/users\/2"}],"replies":[{"embeddable":true,"href":"https:\/\/radiocresatelital.com\/index.php?rest_route=%2Fwp%2Fv2%2Fcomments&post=46296"}],"version-history":[{"count":1,"href":"https:\/\/radiocresatelital.com\/index.php?rest_route=\/wp\/v2\/posts\/46296\/revisions"}],"predecessor-version":[{"id":46298,"href":"https:\/\/radiocresatelital.com\/index.php?rest_route=\/wp\/v2\/posts\/46296\/revisions\/46298"}],"wp:featuredmedia":[{"embeddable":true,"href":"https:\/\/radiocresatelital.com\/index.php?rest_route=\/wp\/v2\/media\/46297"}],"wp:attachment":[{"href":"https:\/\/radiocresatelital.com\/index.php?rest_route=%2Fwp%2Fv2%2Fmedia&parent=46296"}],"wp:term":[{"taxonomy":"category","embeddable":true,"href":"https:\/\/radiocresatelital.com\/index.php?rest_route=%2Fwp%2Fv2%2Fcategories&post=46296"},{"taxonomy":"post_tag","embeddable":true,"href":"https:\/\/radiocresatelital.com\/index.php?rest_route=%2Fwp%2Fv2%2Ftags&post=46296"}],"curies":[{"name":"wp","href":"https:\/\/api.w.org\/{rel}","templated":true}]}}