{"id":46289,"date":"2026-01-26T20:49:40","date_gmt":"2026-01-26T20:49:40","guid":{"rendered":"https:\/\/radiocresatelital.com\/?p=46289"},"modified":"2026-01-26T20:49:40","modified_gmt":"2026-01-26T20:49:40","slug":"centro-nacional-de-inteligencia-expone-observaciones-al-proyecto-de-ley-que-regulara-el-apoyo-de-fuerzas-armadas-a-la-policia","status":"publish","type":"post","link":"https:\/\/radiocresatelital.com\/?p=46289","title":{"rendered":"Centro Nacional de Inteligencia expone observaciones al proyecto de Ley que regular\u00e1 el apoyo de Fuerzas Armadas a la Polic\u00eda"},"content":{"rendered":"<p>Quito.- La Comisi\u00f3n de Soberan\u00eda, Integraci\u00f3n y Seguridad Integral, este lunes, 26 de enero, recibi\u00f3 observaciones al proyecto de Ley Org\u00e1nica que Regula el Apoyo Complementario y Subsidiario de las Fuerzas Armadas a la Polic\u00eda Nacional, con la presencia de los delegados del Centro Nacional de Inteligencia (CNI), \u00f3rgano administrativo de la Secretar\u00eda de Seguridad y Protecci\u00f3n Ciudadana, encargado del sistema de investigaci\u00f3n e informaci\u00f3n para preservar la integridad, estabilidad y permanencia del Estado.<\/p>\n<p>Pablo Fonseca Cisneros, a nombre de la CNI, consider\u00f3 necesario que se hagan algunas especificaciones en la ley, de manera que no d\u00e9 lugar a interpretaciones err\u00f3neas o ambiguas. Por ejemplo, dijo, se debe precisar que el apoyo complementario de Fuerzas Armadas en el control del sistema penitenciario se dar\u00e1 cuando exista grave conmoci\u00f3n interna, pues habr\u00eda que definir en qu\u00e9 consiste la referida conmoci\u00f3n.<\/p>\n<p>Igualmente, sugiri\u00f3 que entre los sujetos obligados al \u00e1mbito de esta ley se incorporen, entre otros, al Servicio Nacional de Atenci\u00f3n a Personas Adultas Privadas de Libertad y Adolescentes Infractores (SNAI), al Ministerio de Gobierno, as\u00ed como al Ministerio del Interior, que tienen directa relaci\u00f3n con los temas de seguridad p\u00fablica.<\/p>\n<p><strong>Informe de Fiscal\u00eda<\/strong><\/p>\n<p>De otro lado, la mesa avoc\u00f3 conocimiento de la resoluci\u00f3n del Pleno de la Asamblea por la cual se designa a la Comisi\u00f3n de Soberan\u00eda, Integraci\u00f3n y Seguridad Integral para que analice el informe de labores presentado ante la Legislatura por la m\u00e1xima autoridad de la Fiscal\u00eda General del Estado, correspondiente al per\u00edodo enero-diciembre de 2025.<\/p>\n<p>La asamble\u00edsta In\u00e9s Alarc\u00f3n Bueno, presidenta del organismo legislativo, dispuso a la Secretar\u00eda que convoque al fiscal General encargado, Carlos Alarc\u00f3n, a fin de que ampl\u00ede e indique de manera detallada las acciones, tanto administrativas, cuanto procesales, desarrolladas durante el a\u00f1o 2025.<\/p>\n","protected":false},"excerpt":{"rendered":"<p>Quito.- La Comisi\u00f3n de Soberan\u00eda, Integraci\u00f3n y Seguridad Integral, este lunes, 26 de enero, recibi\u00f3 observaciones al proyecto de Ley Org\u00e1nica que Regula el Apoyo Complementario y Subsidiario de las Fuerzas Armadas a la Polic\u00eda Nacional, con la presencia de los delegados del Centro Nacional de Inteligencia (CNI), \u00f3rgano administrativo de la Secretar\u00eda de Seguridad [&hellip;]<\/p>\n","protected":false},"author":2,"featured_media":40036,"comment_status":"open","ping_status":"closed","sticky":false,"template":"","format":"standard","meta":{"_jetpack_memberships_contains_paid_content":false,"footnotes":""},"categories":[13],"tags":[7495,7551],"class_list":["post-46289","post","type-post","status-publish","format-standard","has-post-thumbnail","hentry","category-noticias-nacionales","tag-comision-de-soberania","tag-ley-organica-que-regula-el-apoyo-complementario-y-subsidiario-de-las-fuerzas-armadas-a-la-policia-nacional"],"jetpack_featured_media_url":"https:\/\/radiocresatelital.com\/wp-content\/uploads\/2025\/10\/nueva-asamblea-nacional.jpg","jetpack_sharing_enabled":true,"_links":{"self":[{"href":"https:\/\/radiocresatelital.com\/index.php?rest_route=\/wp\/v2\/posts\/46289","targetHints":{"allow":["GET"]}}],"collection":[{"href":"https:\/\/radiocresatelital.com\/index.php?rest_route=\/wp\/v2\/posts"}],"about":[{"href":"https:\/\/radiocresatelital.com\/index.php?rest_route=\/wp\/v2\/types\/post"}],"author":[{"embeddable":true,"href":"https:\/\/radiocresatelital.com\/index.php?rest_route=\/wp\/v2\/users\/2"}],"replies":[{"embeddable":true,"href":"https:\/\/radiocresatelital.com\/index.php?rest_route=%2Fwp%2Fv2%2Fcomments&post=46289"}],"version-history":[{"count":1,"href":"https:\/\/radiocresatelital.com\/index.php?rest_route=\/wp\/v2\/posts\/46289\/revisions"}],"predecessor-version":[{"id":46290,"href":"https:\/\/radiocresatelital.com\/index.php?rest_route=\/wp\/v2\/posts\/46289\/revisions\/46290"}],"wp:featuredmedia":[{"embeddable":true,"href":"https:\/\/radiocresatelital.com\/index.php?rest_route=\/wp\/v2\/media\/40036"}],"wp:attachment":[{"href":"https:\/\/radiocresatelital.com\/index.php?rest_route=%2Fwp%2Fv2%2Fmedia&parent=46289"}],"wp:term":[{"taxonomy":"category","embeddable":true,"href":"https:\/\/radiocresatelital.com\/index.php?rest_route=%2Fwp%2Fv2%2Fcategories&post=46289"},{"taxonomy":"post_tag","embeddable":true,"href":"https:\/\/radiocresatelital.com\/index.php?rest_route=%2Fwp%2Fv2%2Ftags&post=46289"}],"curies":[{"name":"wp","href":"https:\/\/api.w.org\/{rel}","templated":true}]}}