{"id":46276,"date":"2026-01-26T20:33:19","date_gmt":"2026-01-26T20:33:19","guid":{"rendered":"https:\/\/radiocresatelital.com\/?p=46276"},"modified":"2026-01-26T20:45:28","modified_gmt":"2026-01-26T20:45:28","slug":"guayaquil-conquista-madrid-con-su-gastronomia-y-sabor-al-mundo","status":"publish","type":"post","link":"https:\/\/radiocresatelital.com\/?p=46276","title":{"rendered":"Guayaquil conquista Madrid con su gastronom\u00eda y sabor al mundo"},"content":{"rendered":"<p>Madrid.- La cocina tradicional guayaquile\u00f1a cautiva paladares internacionales en la Feria Madrid Fusi\u00f3n 2026, uno de los encuentros gastron\u00f3micos m\u00e1s importantes del mundo. Platos emblem\u00e1ticos como el bol\u00f3n, el encebollado y los dulces elaborados con cacao fino de aroma se convierten en los grandes protagonistas, proyectando a la ciudad como un destino aut\u00e9ntico, diverso y profundamente identitario.<\/p>\n<p>Desde hoy hasta el 28 de enero, en el stand 0A02, la Delegaci\u00f3n de Turismo y Eventos Especiales de la Alcald\u00eda de Guayaquil presenta un verdadero puerto de sabores. El chef Santiago Nieto sorprende a los asistentes con preparaciones en vivo de recetas tradicionales como el encebollado, el bol\u00f3n y el seco de chivo, mientras que la chocolatera Nathalie Areco deleita con una selecci\u00f3n de dulces a base de cacao, uno de los ingredientes m\u00e1s representativos del pa\u00eds.<\/p>\n<p>\u201cGuayaquil cuenta con una gran diversidad de ingredientes y una historia gastron\u00f3mica muy rica. Tenemos una de las mejores sopas del mundo, como el encebollado. Venimos a enamorar a los asistentes de Madrid Fusi\u00f3n 2026 con la gastronom\u00eda de Guayaquil, para motivarlos a visitarnos. Madrid Fusi\u00f3n es el epicentro de la gastronom\u00eda mundial, y representa la mejor vitrina para mostrar lo que ofrecemos.<\/p>\n<p>Hemos recibido visitantes exigentes de alta cocina y periodistas internacionales especializados, interesados en nuestra propuesta. El objetivo es internacionalizar a Guayaquil como un epicentro gastron\u00f3mico y consolidarlo como el puerto m\u00e1s importante de sabores del Pac\u00edfico.<\/p>\n<p>Platos como el encebollado y el bol\u00f3n son los favoritos de quienes visitan la ciudad\u201d, destac\u00f3 la directora de Turismo y Eventos Especiales del Municipio, Tahiz Panus.<\/p>\n<p>El stand de la Perla del Pac\u00edfico se complementa con la participaci\u00f3n de \u00c9pico, una asociaci\u00f3n de emprendedores artesanos de la ciudad que aporta mermeladas, miel, frutos secos y otros productos representativos de la zona, as\u00ed como el caf\u00e9 de Emka Coffee, protagonista de varias catas dirigidas por el barista Jairo Sangu\u00f1a, resaltando la calidad y diversidad de los productos locales.<\/p>\n<p>El impacto de la propuesta tambi\u00e9n se refleja en la percepci\u00f3n de los visitantes. \u201cAdem\u00e1s de ser todo riqu\u00edsimo, siento que esta experiencia me ha ense\u00f1ado mucho sobre una gastronom\u00eda que no era muy conocida para m\u00ed y que tiene much\u00edsimas posibilidades. Me ha hecho mucha ilusi\u00f3n conocerla. El encebollado super\u00f3 todas mis expectativas, me encant\u00f3\u201d, expres\u00f3 la creadora de contenido espa\u00f1ola, Beatriz\u00a0 Mancilla.<\/p>\n<p>Con esta presencia internacional, la Alcald\u00eda de Guayaquil fortalece la proyecci\u00f3n de la ciudad como un destino tur\u00edstico y gastron\u00f3mico de primer nivel, impulsando el talento local, los emprendimientos y la identidad cultural, y posicionando a Guayaquil ante el mundo como un punto de encuentro entre tradici\u00f3n, innovaci\u00f3n y sabor.<\/p>\n","protected":false},"excerpt":{"rendered":"<p>Madrid.- La cocina tradicional guayaquile\u00f1a cautiva paladares internacionales en la Feria Madrid Fusi\u00f3n 2026, uno de los encuentros gastron\u00f3micos m\u00e1s importantes del mundo. Platos emblem\u00e1ticos como el bol\u00f3n, el encebollado y los dulces elaborados con cacao fino de aroma se convierten en los grandes protagonistas, proyectando a la ciudad como un destino aut\u00e9ntico, diverso y [&hellip;]<\/p>\n","protected":false},"author":2,"featured_media":46277,"comment_status":"open","ping_status":"closed","sticky":false,"template":"","format":"standard","meta":{"_jetpack_memberships_contains_paid_content":false,"footnotes":""},"categories":[11,13],"tags":[7548,7549,7547],"class_list":["post-46276","post","type-post","status-publish","format-standard","has-post-thumbnail","hentry","category-noticias-internacionales","category-noticias-nacionales","tag-delegacion-de-turismo","tag-eventos-especiales-de-la-alcaldia-de-guayaquil","tag-feria-madrid-fusion-2026"],"jetpack_featured_media_url":"https:\/\/radiocresatelital.com\/wp-content\/uploads\/2026\/01\/2-3-scaled.jpeg","jetpack_sharing_enabled":true,"_links":{"self":[{"href":"https:\/\/radiocresatelital.com\/index.php?rest_route=\/wp\/v2\/posts\/46276","targetHints":{"allow":["GET"]}}],"collection":[{"href":"https:\/\/radiocresatelital.com\/index.php?rest_route=\/wp\/v2\/posts"}],"about":[{"href":"https:\/\/radiocresatelital.com\/index.php?rest_route=\/wp\/v2\/types\/post"}],"author":[{"embeddable":true,"href":"https:\/\/radiocresatelital.com\/index.php?rest_route=\/wp\/v2\/users\/2"}],"replies":[{"embeddable":true,"href":"https:\/\/radiocresatelital.com\/index.php?rest_route=%2Fwp%2Fv2%2Fcomments&post=46276"}],"version-history":[{"count":1,"href":"https:\/\/radiocresatelital.com\/index.php?rest_route=\/wp\/v2\/posts\/46276\/revisions"}],"predecessor-version":[{"id":46278,"href":"https:\/\/radiocresatelital.com\/index.php?rest_route=\/wp\/v2\/posts\/46276\/revisions\/46278"}],"wp:featuredmedia":[{"embeddable":true,"href":"https:\/\/radiocresatelital.com\/index.php?rest_route=\/wp\/v2\/media\/46277"}],"wp:attachment":[{"href":"https:\/\/radiocresatelital.com\/index.php?rest_route=%2Fwp%2Fv2%2Fmedia&parent=46276"}],"wp:term":[{"taxonomy":"category","embeddable":true,"href":"https:\/\/radiocresatelital.com\/index.php?rest_route=%2Fwp%2Fv2%2Fcategories&post=46276"},{"taxonomy":"post_tag","embeddable":true,"href":"https:\/\/radiocresatelital.com\/index.php?rest_route=%2Fwp%2Fv2%2Ftags&post=46276"}],"curies":[{"name":"wp","href":"https:\/\/api.w.org\/{rel}","templated":true}]}}