{"id":46061,"date":"2026-01-22T18:21:17","date_gmt":"2026-01-22T18:21:17","guid":{"rendered":"https:\/\/radiocresatelital.com\/?p=46061"},"modified":"2026-01-22T18:22:12","modified_gmt":"2026-01-22T18:22:12","slug":"concejo-municipal-guarda-un-minuto-de-silencio-por-fallecimiento-de-entrenador-en-parque-samanes","status":"publish","type":"post","link":"https:\/\/radiocresatelital.com\/?p=46061","title":{"rendered":"Concejo Municipal guarda un minuto de silencio por fallecimiento de entrenador en Parque Samanes"},"content":{"rendered":"<p>Guayaquil.- El Concejo Municipal de Guayaquil, presidido por el alcalde Aquiles Alvarez, guard\u00f3 un minuto de silencio en memoria de Juan Gregorio Garc\u00e9s Lucas, entrenador de f\u00fatbol que falleci\u00f3 tras recibir una descarga el\u00e9ctrica en una cancha del Parque Samanes, el pasado 20 de enero. El acto se desarroll\u00f3 como una manifestaci\u00f3n p\u00fablica de respeto y solidaridad con el fallecido y su familia.<\/p>\n<p>Durante su intervenci\u00f3n, el Burgomaestre asumi\u00f3 la responsabilidad de la administraci\u00f3n municipal por lo ocurrido, expres\u00f3 su profundo pesar y pidi\u00f3 disculpas a los familiares de la v\u00edctima y a la ciudadan\u00eda. \u201cEs culpa nuestra, siempre va a ser culpa nuestra y pedimos perd\u00f3n por eso\u201d, manifest\u00f3 Alvarez, al recalcar que hechos de esta naturaleza no deber\u00edan ocurrir. A\u00f1adi\u00f3 que ser\u00eda \u201cmuy tonto creer que nosotros quisi\u00e9ramos que eso pase, nos duele\u201d.<\/p>\n<p>Adem\u00e1s, inform\u00f3 que el Cabildo ha acompa\u00f1ado de manera permanente a la familia afectada y que el seguro del Muy Ilustre Municipio de Guayaquil ha cubierto todos los gastos relacionados. \u201cSon cosas que pasan, nosotros no nos escondemos, estamos dando la cara\u201d, afirm\u00f3.<\/p>\n<p>Asimismo, aclar\u00f3 que versiones iniciales que atribu\u00edan el fallecimiento a un ataque epil\u00e9ptico fueron descartadas tras la autopsia, la cual confirm\u00f3 que la causa de la muerte fue una descarga el\u00e9ctrica. \u201cNo le corremos a la responsabilidad, la responsabilidad es nuestra, es un problema nuestro, lo asumimos, pedimos disculpas y Dios quiera que no vuelva a pasar. No quiero echarle la culpa a nadie, asumimos la culpa\u201d, reiter\u00f3.<\/p>\n<p>Como parte de las acciones inmediatas, el Alcalde anunci\u00f3 medidas preventivas para evitar nuevos incidentes. \u201cDe momento, las canchas que est\u00e1n cerquita de esa malla, por una semana no van a tener actividades\u201d, se\u00f1al\u00f3, mientras se ejecutan revisiones y mejoras en la seguridad de las instalaciones deportivas municipales.<\/p>\n","protected":false},"excerpt":{"rendered":"<p>Guayaquil.- El Concejo Municipal de Guayaquil, presidido por el alcalde Aquiles Alvarez, guard\u00f3 un minuto de silencio en memoria de Juan Gregorio Garc\u00e9s Lucas, entrenador de f\u00fatbol que falleci\u00f3 tras recibir una descarga el\u00e9ctrica en una cancha del Parque Samanes, el pasado 20 de enero. El acto se desarroll\u00f3 como una manifestaci\u00f3n p\u00fablica de respeto [&hellip;]<\/p>\n","protected":false},"author":2,"featured_media":46062,"comment_status":"open","ping_status":"closed","sticky":false,"template":"","format":"standard","meta":{"_jetpack_memberships_contains_paid_content":false,"footnotes":""},"categories":[33,13],"tags":[1519,2093],"class_list":["post-46061","post","type-post","status-publish","format-standard","has-post-thumbnail","hentry","category-guayaquil","category-noticias-nacionales","tag-alcalde-aquiles-alvarez","tag-concejo-municipal-de-guayaquil"],"jetpack_featured_media_url":"https:\/\/radiocresatelital.com\/wp-content\/uploads\/2026\/01\/2-1-scaled.jpeg","jetpack_sharing_enabled":true,"_links":{"self":[{"href":"https:\/\/radiocresatelital.com\/index.php?rest_route=\/wp\/v2\/posts\/46061","targetHints":{"allow":["GET"]}}],"collection":[{"href":"https:\/\/radiocresatelital.com\/index.php?rest_route=\/wp\/v2\/posts"}],"about":[{"href":"https:\/\/radiocresatelital.com\/index.php?rest_route=\/wp\/v2\/types\/post"}],"author":[{"embeddable":true,"href":"https:\/\/radiocresatelital.com\/index.php?rest_route=\/wp\/v2\/users\/2"}],"replies":[{"embeddable":true,"href":"https:\/\/radiocresatelital.com\/index.php?rest_route=%2Fwp%2Fv2%2Fcomments&post=46061"}],"version-history":[{"count":1,"href":"https:\/\/radiocresatelital.com\/index.php?rest_route=\/wp\/v2\/posts\/46061\/revisions"}],"predecessor-version":[{"id":46063,"href":"https:\/\/radiocresatelital.com\/index.php?rest_route=\/wp\/v2\/posts\/46061\/revisions\/46063"}],"wp:featuredmedia":[{"embeddable":true,"href":"https:\/\/radiocresatelital.com\/index.php?rest_route=\/wp\/v2\/media\/46062"}],"wp:attachment":[{"href":"https:\/\/radiocresatelital.com\/index.php?rest_route=%2Fwp%2Fv2%2Fmedia&parent=46061"}],"wp:term":[{"taxonomy":"category","embeddable":true,"href":"https:\/\/radiocresatelital.com\/index.php?rest_route=%2Fwp%2Fv2%2Fcategories&post=46061"},{"taxonomy":"post_tag","embeddable":true,"href":"https:\/\/radiocresatelital.com\/index.php?rest_route=%2Fwp%2Fv2%2Ftags&post=46061"}],"curies":[{"name":"wp","href":"https:\/\/api.w.org\/{rel}","templated":true}]}}