{"id":46055,"date":"2026-01-22T01:29:09","date_gmt":"2026-01-22T01:29:09","guid":{"rendered":"https:\/\/radiocresatelital.com\/?p=46055"},"modified":"2026-01-22T01:30:21","modified_gmt":"2026-01-22T01:30:21","slug":"incendio-de-unidad-de-la-ecovia-obliga-al-cierre-temporal-de-una-estacion-en-quito","status":"publish","type":"post","link":"https:\/\/radiocresatelital.com\/?p=46055","title":{"rendered":"Incendio de unidad de la Ecov\u00eda obliga al cierre temporal de una estaci\u00f3n en Quito"},"content":{"rendered":"<p data-start=\"99\" data-end=\"353\">Quito- Un incidente en el sistema de transporte municipal de Quito oblig\u00f3 a tomar medidas de emergencia este 21 de enero de 2026. Una unidad biarticulada de la Ecov\u00eda se incendi\u00f3 en el sur de la ciudad, lo que gener\u00f3 alarma entre usuarios y transe\u00fantes.<\/p>\n<p data-start=\"355\" data-end=\"688\">El hecho qued\u00f3 registrado en videos difundidos en redes sociales, donde se observa que el fuego se concentr\u00f3 en la parte inferior del bus, cerca de una de las puertas de acceso. El incendio provoc\u00f3 una densa columna de humo que se extendi\u00f3 hacia la estaci\u00f3n y la v\u00eda adyacente, afectando la visibilidad y la circulaci\u00f3n en el sector.<\/p>\n<p data-start=\"690\" data-end=\"1060\">Como medida preventiva, la Empresa de Pasajeros de Quito inform\u00f3 el cierre temporal de la estaci\u00f3n El Capul\u00ed, mientras los equipos de emergencia atend\u00edan la situaci\u00f3n. Adem\u00e1s, la Agencia Metropolitana de Tr\u00e1nsito (AMT) cerr\u00f3 la circulaci\u00f3n en el carril exclusivo de la Ecov\u00eda en la intersecci\u00f3n de la avenida Maldonado y C\u00f3ndor \u00d1an, en sentido norte\u2013sur.<\/p>\n<p data-start=\"1062\" data-end=\"1244\">Las autoridades a\u00fan no han confirmado las causas del incendio, pero el cierre de la estaci\u00f3n y del carril exclusivo se mantuvo mientras se controlaba el fuego y se evaluaban da\u00f1os.<\/p>\n","protected":false},"excerpt":{"rendered":"<p>Quito- Un incidente en el sistema de transporte municipal de Quito oblig\u00f3 a tomar medidas de emergencia este 21 de enero de 2026. Una unidad biarticulada de la Ecov\u00eda se incendi\u00f3 en el sur de la ciudad, lo que gener\u00f3 alarma entre usuarios y transe\u00fantes. El hecho qued\u00f3 registrado en videos difundidos en redes sociales, [&hellip;]<\/p>\n","protected":false},"author":17,"featured_media":46057,"comment_status":"open","ping_status":"closed","sticky":false,"template":"","format":"standard","meta":{"_jetpack_memberships_contains_paid_content":false,"footnotes":""},"categories":[13],"tags":[7504],"class_list":["post-46055","post","type-post","status-publish","format-standard","has-post-thumbnail","hentry","category-noticias-nacionales","tag-quito-ecovia-incendio-transportepublico-accidentesdetransito-amt"],"jetpack_featured_media_url":"https:\/\/radiocresatelital.com\/wp-content\/uploads\/2026\/01\/695d38f7366b9-14.jpeg","jetpack_sharing_enabled":true,"_links":{"self":[{"href":"https:\/\/radiocresatelital.com\/index.php?rest_route=\/wp\/v2\/posts\/46055","targetHints":{"allow":["GET"]}}],"collection":[{"href":"https:\/\/radiocresatelital.com\/index.php?rest_route=\/wp\/v2\/posts"}],"about":[{"href":"https:\/\/radiocresatelital.com\/index.php?rest_route=\/wp\/v2\/types\/post"}],"author":[{"embeddable":true,"href":"https:\/\/radiocresatelital.com\/index.php?rest_route=\/wp\/v2\/users\/17"}],"replies":[{"embeddable":true,"href":"https:\/\/radiocresatelital.com\/index.php?rest_route=%2Fwp%2Fv2%2Fcomments&post=46055"}],"version-history":[{"count":1,"href":"https:\/\/radiocresatelital.com\/index.php?rest_route=\/wp\/v2\/posts\/46055\/revisions"}],"predecessor-version":[{"id":46056,"href":"https:\/\/radiocresatelital.com\/index.php?rest_route=\/wp\/v2\/posts\/46055\/revisions\/46056"}],"wp:featuredmedia":[{"embeddable":true,"href":"https:\/\/radiocresatelital.com\/index.php?rest_route=\/wp\/v2\/media\/46057"}],"wp:attachment":[{"href":"https:\/\/radiocresatelital.com\/index.php?rest_route=%2Fwp%2Fv2%2Fmedia&parent=46055"}],"wp:term":[{"taxonomy":"category","embeddable":true,"href":"https:\/\/radiocresatelital.com\/index.php?rest_route=%2Fwp%2Fv2%2Fcategories&post=46055"},{"taxonomy":"post_tag","embeddable":true,"href":"https:\/\/radiocresatelital.com\/index.php?rest_route=%2Fwp%2Fv2%2Ftags&post=46055"}],"curies":[{"name":"wp","href":"https:\/\/api.w.org\/{rel}","templated":true}]}}