{"id":46052,"date":"2026-01-22T00:45:17","date_gmt":"2026-01-22T00:45:17","guid":{"rendered":"https:\/\/radiocresatelital.com\/?p=46052"},"modified":"2026-01-22T00:45:17","modified_gmt":"2026-01-22T00:45:17","slug":"asesinato-de-abogado-en-santa-elena-abre-investigacion-por-vinculos-con-crimen-organizado","status":"publish","type":"post","link":"https:\/\/radiocresatelital.com\/?p=46052","title":{"rendered":"Asesinato de abogado en Santa Elena abre investigaci\u00f3n por v\u00ednculos con crimen organizado"},"content":{"rendered":"<p data-start=\"120\" data-end=\"471\">Santa Elena- El asesinato del abogado y creador de contenido V\u00edctor Tomal\u00e1 Rosales, conocido en redes sociales como \u201cCholito Palmare\u00f1o\u201d, ha encendido las alertas de las autoridades en Santa Elena, ante la posibilidad de que el crimen est\u00e9 vinculado a su ejercicio profesional y a una cadena de ataques contra operadores de justicia en la provincia.<\/p>\n<p data-start=\"473\" data-end=\"865\">El crimen ocurri\u00f3 la tarde del 20 de enero de 2026, en una lavadora de veh\u00edculos ubicada en el barrio Los Ceibos, cuando Tomal\u00e1 acudi\u00f3 solo a realizar el cambio de aceite y el lavado de su autom\u00f3vil. Seg\u00fan el relato de testigos, dos sujetos armados llegaron al lugar en una motocicleta y entablaron una breve conversaci\u00f3n con la v\u00edctima, aparentemente para confirmar su identidad.<\/p>\n<p data-start=\"867\" data-end=\"1278\">De acuerdo con la versi\u00f3n recogida por la Polic\u00eda, los atacantes le preguntaron inicialmente por el precio del servicio, a lo que el abogado respondi\u00f3 que tambi\u00e9n era cliente y que consultaran con el propietario del local. Posteriormente, le hicieron otra pregunta directa: <em data-start=\"1141\" data-end=\"1185\">\u201c\u00bfAbogado, usted est\u00e1 vendiendo su carro?\u201d<\/em>. Tras su negativa, los sicarios habr\u00edan confirmado que se trataba del objetivo que buscaban.<\/p>\n<p data-start=\"1280\" data-end=\"1574\">Acto seguido, los sujetos abrieron fuego de manera directa. Tomal\u00e1 intent\u00f3 defenderse con un arma de fuego, pero ya hab\u00eda recibido varios impactos de bala. Gravemente herido, fue trasladado en una mototaxi hasta el Hospital Liborio Panchana, donde falleci\u00f3 pese a los esfuerzos m\u00e9dicos.<\/p>\n<p data-start=\"1576\" data-end=\"1987\">La Polic\u00eda Nacional investiga si este asesinato guarda relaci\u00f3n con los cr\u00edmenes de la jueza Mar\u00eda Bel\u00e9n Ch\u00e9rrez, asesinada en enero de 2025, y de \u00d3scar Cabezas, secretario de la Unidad de Personas y Garant\u00edas del Ministerio P\u00fablico, asesinado en julio de 2024. Seg\u00fan el jefe de la Subzona Santa Elena, Jorge Hadathy, existe un \u201chilo conductor importante\u201d que podr\u00eda vincular estos hechos violentos.<\/p>\n<p data-start=\"1989\" data-end=\"2312\">Las primeras indagaciones apuntan a que Tomal\u00e1 habr\u00eda estado defendiendo a un cliente relacionado con estructuras criminales, lo que pudo haber generado represalias de grupos rivales. Las autoridades analizan esta hip\u00f3tesis a partir de la detenci\u00f3n de dos sospechosos y la pericia de los tel\u00e9fonos celulares incautados.<\/p>\n<p data-start=\"2314\" data-end=\"2704\">En audiencia de flagrancia, una jueza dict\u00f3 prisi\u00f3n preventiva por 30 d\u00edas para los dos implicados. Uno de ellos, identificado como Carlos Eduardo B. L., oriundo de Guayaquil y presunto gatillero, registra un amplio historial delictivo que incluye tentativa de asesinato, tr\u00e1fico de drogas y porte ilegal de armas. Ambos pertenecer\u00edan a la organizaci\u00f3n criminal Los \u00c1guilas.<\/p>\n<p data-start=\"2706\" data-end=\"3032\">El asesinato de V\u00edctor Tomal\u00e1 se suma a una preocupante escalada de violencia contra abogados, jueces y funcionarios judiciales en Santa Elena, reforzando la hip\u00f3tesis de que el crimen organizado busca intimidar y silenciar a operadores del sistema de justicia, en un contexto de creciente inseguridad en la provincia.<\/p>\n","protected":false},"excerpt":{"rendered":"<p>Santa Elena- El asesinato del abogado y creador de contenido V\u00edctor Tomal\u00e1 Rosales, conocido en redes sociales como \u201cCholito Palmare\u00f1o\u201d, ha encendido las alertas de las autoridades en Santa Elena, ante la posibilidad de que el crimen est\u00e9 vinculado a su ejercicio profesional y a una cadena de ataques contra operadores de justicia en la [&hellip;]<\/p>\n","protected":false},"author":17,"featured_media":46053,"comment_status":"open","ping_status":"closed","sticky":false,"template":"","format":"standard","meta":{"_jetpack_memberships_contains_paid_content":false,"footnotes":""},"categories":[13],"tags":[7503],"class_list":["post-46052","post","type-post","status-publish","format-standard","has-post-thumbnail","hentry","category-noticias-nacionales","tag-santaelena-muertesviolentas-sicariato-crimenorganizado-abogadoasesinado-policianacional"],"jetpack_featured_media_url":"https:\/\/radiocresatelital.com\/wp-content\/uploads\/2026\/01\/695d38f7366b9-13.jpeg","jetpack_sharing_enabled":true,"_links":{"self":[{"href":"https:\/\/radiocresatelital.com\/index.php?rest_route=\/wp\/v2\/posts\/46052","targetHints":{"allow":["GET"]}}],"collection":[{"href":"https:\/\/radiocresatelital.com\/index.php?rest_route=\/wp\/v2\/posts"}],"about":[{"href":"https:\/\/radiocresatelital.com\/index.php?rest_route=\/wp\/v2\/types\/post"}],"author":[{"embeddable":true,"href":"https:\/\/radiocresatelital.com\/index.php?rest_route=\/wp\/v2\/users\/17"}],"replies":[{"embeddable":true,"href":"https:\/\/radiocresatelital.com\/index.php?rest_route=%2Fwp%2Fv2%2Fcomments&post=46052"}],"version-history":[{"count":1,"href":"https:\/\/radiocresatelital.com\/index.php?rest_route=\/wp\/v2\/posts\/46052\/revisions"}],"predecessor-version":[{"id":46054,"href":"https:\/\/radiocresatelital.com\/index.php?rest_route=\/wp\/v2\/posts\/46052\/revisions\/46054"}],"wp:featuredmedia":[{"embeddable":true,"href":"https:\/\/radiocresatelital.com\/index.php?rest_route=\/wp\/v2\/media\/46053"}],"wp:attachment":[{"href":"https:\/\/radiocresatelital.com\/index.php?rest_route=%2Fwp%2Fv2%2Fmedia&parent=46052"}],"wp:term":[{"taxonomy":"category","embeddable":true,"href":"https:\/\/radiocresatelital.com\/index.php?rest_route=%2Fwp%2Fv2%2Fcategories&post=46052"},{"taxonomy":"post_tag","embeddable":true,"href":"https:\/\/radiocresatelital.com\/index.php?rest_route=%2Fwp%2Fv2%2Ftags&post=46052"}],"curies":[{"name":"wp","href":"https:\/\/api.w.org\/{rel}","templated":true}]}}