{"id":46049,"date":"2026-01-22T00:31:04","date_gmt":"2026-01-22T00:31:04","guid":{"rendered":"https:\/\/radiocresatelital.com\/?p=46049"},"modified":"2026-01-22T00:32:27","modified_gmt":"2026-01-22T00:32:27","slug":"arancel-del-30-abre-la-puerta-a-una-guerra-comercial-entre-ecuador-y-colombia","status":"publish","type":"post","link":"https:\/\/radiocresatelital.com\/?p=46049","title":{"rendered":"Arancel del 30 % abre la puerta a una guerra comercial entre Ecuador y Colombia"},"content":{"rendered":"<p data-start=\"125\" data-end=\"541\">Quito- La decisi\u00f3n del Gobierno de Ecuador de imponer un arancel del 30 % a los productos importados desde Colombia, que entrar\u00e1 en vigencia el 1 de febrero de 2026, ha encendido las alertas del sector empresarial y comercial del pa\u00eds. Gremios advierten que la medida podr\u00eda derivar en una demanda internacional ante la Comunidad Andina (CAN) y abrir el escenario de una guerra comercial entre ambos pa\u00edses.<\/p>\n<p data-start=\"543\" data-end=\"950\">Freddy Cevallos, presidente de la C\u00e1mara de Comercio Ecuatoriana Colombiana (Camecol), se\u00f1al\u00f3 que la medida no se ajusta al marco jur\u00eddico andino, por lo que Colombia tendr\u00eda fundamentos para acudir al Tribunal de Justicia de la CAN y solicitar la suspensi\u00f3n inmediata del arancel. Seg\u00fan el gremio, es altamente probable que el fallo favorezca a Colombia, obligando a Ecuador a revertir la decisi\u00f3n.<\/p>\n<p data-start=\"952\" data-end=\"1370\">Mientras se desarrolla un eventual proceso legal \u2014que podr\u00eda extenderse por varios meses\u2014, Colombia podr\u00eda optar por medidas de represalia, imponiendo un arancel similar a los productos ecuatorianos. Esto afectar\u00eda directamente a exportaciones clave como enlatados de at\u00fan, aceites vegetales y tableros de madera, que entre enero y noviembre de 2025 alcanzaron ventas por USD 808,4 millones en ese mercado.<\/p>\n<p data-start=\"1372\" data-end=\"1793\">Del lado de las importaciones, Ecuador compr\u00f3 a Colombia USD 1.717 millones en productos durante el mismo per\u00edodo, destac\u00e1ndose cosm\u00e9ticos, pl\u00e1sticos, veh\u00edculos y autopartes, productos farmac\u00e9uticos y qu\u00edmicos. Los empresarios advierten que las empresas ecuatorianas no pueden absorber un incremento del 30 %, por lo que el costo ser\u00e1 trasladado al precio final, afectando directamente a los consumidores.<\/p>\n<p data-start=\"1795\" data-end=\"2099\">Adem\u00e1s del impacto econ\u00f3mico, el sector empresarial alerta sobre un posible incremento del contrabando en la frontera. El alza de precios incentivar\u00eda el ingreso ilegal de productos colombianos por pasos clandestinos, debilitando la recaudaci\u00f3n fiscal y agravando los problemas de control fronterizo.<\/p>\n<p data-start=\"2101\" data-end=\"2464\">Desde Colombia, la reacci\u00f3n fue inmediata. Bruce Mac Master, presidente de la Asociaci\u00f3n Nacional de Empresarios de Colombia (ANDI), calific\u00f3 la medida como \u201cprofundamente preocupante\u201d y sostuvo que los problemas regionales deben resolverse por la v\u00eda diplom\u00e1tica, no mediante restricciones comerciales que agraven la incertidumbre econ\u00f3mica en la regi\u00f3n.<\/p>\n<p data-start=\"2466\" data-end=\"2724\">En este contexto, empresarios de ambos pa\u00edses coinciden en que el mayor perjuicio recaer\u00e1 sobre consumidores y productores, mientras se tensionan las relaciones comerciales y se pone en riesgo la estabilidad del intercambio dentro de la Comunidad Andina.<\/p>\n","protected":false},"excerpt":{"rendered":"<p>Quito- La decisi\u00f3n del Gobierno de Ecuador de imponer un arancel del 30 % a los productos importados desde Colombia, que entrar\u00e1 en vigencia el 1 de febrero de 2026, ha encendido las alertas del sector empresarial y comercial del pa\u00eds. Gremios advierten que la medida podr\u00eda derivar en una demanda internacional ante la Comunidad [&hellip;]<\/p>\n","protected":false},"author":17,"featured_media":46050,"comment_status":"open","ping_status":"closed","sticky":false,"template":"","format":"standard","meta":{"_jetpack_memberships_contains_paid_content":false,"footnotes":""},"categories":[13],"tags":[7502],"class_list":["post-46049","post","type-post","status-publish","format-standard","has-post-thumbnail","hentry","category-noticias-nacionales","tag-ecuador-colombia-aranceles-comunidadandina-can-guerracomercial-economia-comercioexterior-precios-importaciones-exportaciones-seguridad"],"jetpack_featured_media_url":"https:\/\/radiocresatelital.com\/wp-content\/uploads\/2026\/01\/695d38f7366b9-12.jpeg","jetpack_sharing_enabled":true,"_links":{"self":[{"href":"https:\/\/radiocresatelital.com\/index.php?rest_route=\/wp\/v2\/posts\/46049","targetHints":{"allow":["GET"]}}],"collection":[{"href":"https:\/\/radiocresatelital.com\/index.php?rest_route=\/wp\/v2\/posts"}],"about":[{"href":"https:\/\/radiocresatelital.com\/index.php?rest_route=\/wp\/v2\/types\/post"}],"author":[{"embeddable":true,"href":"https:\/\/radiocresatelital.com\/index.php?rest_route=\/wp\/v2\/users\/17"}],"replies":[{"embeddable":true,"href":"https:\/\/radiocresatelital.com\/index.php?rest_route=%2Fwp%2Fv2%2Fcomments&post=46049"}],"version-history":[{"count":1,"href":"https:\/\/radiocresatelital.com\/index.php?rest_route=\/wp\/v2\/posts\/46049\/revisions"}],"predecessor-version":[{"id":46051,"href":"https:\/\/radiocresatelital.com\/index.php?rest_route=\/wp\/v2\/posts\/46049\/revisions\/46051"}],"wp:featuredmedia":[{"embeddable":true,"href":"https:\/\/radiocresatelital.com\/index.php?rest_route=\/wp\/v2\/media\/46050"}],"wp:attachment":[{"href":"https:\/\/radiocresatelital.com\/index.php?rest_route=%2Fwp%2Fv2%2Fmedia&parent=46049"}],"wp:term":[{"taxonomy":"category","embeddable":true,"href":"https:\/\/radiocresatelital.com\/index.php?rest_route=%2Fwp%2Fv2%2Fcategories&post=46049"},{"taxonomy":"post_tag","embeddable":true,"href":"https:\/\/radiocresatelital.com\/index.php?rest_route=%2Fwp%2Fv2%2Ftags&post=46049"}],"curies":[{"name":"wp","href":"https:\/\/api.w.org\/{rel}","templated":true}]}}