{"id":46046,"date":"2026-01-21T23:52:53","date_gmt":"2026-01-21T23:52:53","guid":{"rendered":"https:\/\/radiocresatelital.com\/?p=46046"},"modified":"2026-01-21T23:52:53","modified_gmt":"2026-01-21T23:52:53","slug":"oscar-quinonez-retorna-a-orense-sc","status":"publish","type":"post","link":"https:\/\/radiocresatelital.com\/?p=46046","title":{"rendered":"Oscar Qui\u00f1\u00f3nez retorna a Orense SC"},"content":{"rendered":"<p>Machala.- Orense refuerza su defensa. Este lunes 19 de enero anunci\u00f3 el regreso del defensor central Oscar Qui\u00f1\u00f3nez, quien llega luego de su paso por Independiente del Valle, con un contrato a pr\u00e9stamo por una temporada con opci\u00f3n a compra desde Racing Club de Montevideo, equipo due\u00f1o de su pase.<\/p>\n<p>Este ser\u00e1 el tercer ciclo del canterano de Orense en el equipo de la provincia. El futbolista nacido en Machala debut\u00f3 profesionalmente con Orense en el a\u00f1o 2021 y, tras una destacada campa\u00f1a en 2023, fue transferido a inicios de 2024 a Racing Club de Montevideo.<\/p>\n<p>Luego de disputar la primera mitad de esa temporada con el conjunto uruguayo, volvi\u00f3 a Orense en calidad de pr\u00e9stamo, siendo parte del plantel que hizo historia al clasificar por primera vez a un torneo internacional. En 2025, el defensor fue cedido por el club charr\u00faa a Independiente del Valle, en donde obtuvo el t\u00edtulo de campe\u00f3n nacional.<\/p>\n<p>Para la temporada 2026, Oscar Qui\u00f1\u00f3nez se suma nuevamente al conjunto verde con la ilusi\u00f3n de alcanzar objetivos importantes y seguir dejando huella en la historia del club. En el presente a\u00f1o, Orense Sporting Club afrontar\u00e1 la fase 1 de la Conmebol Sudamericana, con el objetivo de clasificar a la fase de grupos del torneo, tambi\u00e9n disputar\u00e1 la Liga Ecuabet 2026 y la Copa Ecuador.<\/p>\n<p>Actualmente, el defensor de 24 a\u00f1os ya forma parte de los entrenamientos del conjunto dirigido por el Director T\u00e9cnico, Ra\u00fal Antu\u00f1a, que contin\u00faa con su etapa de pretemporada, afinando detalles de cara al inicio de la competencia oficial.<\/p>\n","protected":false},"excerpt":{"rendered":"<p>Machala.- Orense refuerza su defensa. Este lunes 19 de enero anunci\u00f3 el regreso del defensor central Oscar Qui\u00f1\u00f3nez, quien llega luego de su paso por Independiente del Valle, con un contrato a pr\u00e9stamo por una temporada con opci\u00f3n a compra desde Racing Club de Montevideo, equipo due\u00f1o de su pase. Este ser\u00e1 el tercer ciclo [&hellip;]<\/p>\n","protected":false},"author":2,"featured_media":46047,"comment_status":"open","ping_status":"closed","sticky":false,"template":"","format":"standard","meta":{"_jetpack_memberships_contains_paid_content":false,"footnotes":""},"categories":[626,73],"tags":[127,7501],"class_list":["post-46046","post","type-post","status-publish","format-standard","has-post-thumbnail","hentry","category-futbol-nacional","category-liga-pro","tag-orense","tag-oscar-quinonez"],"jetpack_featured_media_url":"https:\/\/radiocresatelital.com\/wp-content\/uploads\/2026\/01\/WhatsApp-Image-2026-01-21-at-18.51.00.jpeg","jetpack_sharing_enabled":true,"_links":{"self":[{"href":"https:\/\/radiocresatelital.com\/index.php?rest_route=\/wp\/v2\/posts\/46046","targetHints":{"allow":["GET"]}}],"collection":[{"href":"https:\/\/radiocresatelital.com\/index.php?rest_route=\/wp\/v2\/posts"}],"about":[{"href":"https:\/\/radiocresatelital.com\/index.php?rest_route=\/wp\/v2\/types\/post"}],"author":[{"embeddable":true,"href":"https:\/\/radiocresatelital.com\/index.php?rest_route=\/wp\/v2\/users\/2"}],"replies":[{"embeddable":true,"href":"https:\/\/radiocresatelital.com\/index.php?rest_route=%2Fwp%2Fv2%2Fcomments&post=46046"}],"version-history":[{"count":1,"href":"https:\/\/radiocresatelital.com\/index.php?rest_route=\/wp\/v2\/posts\/46046\/revisions"}],"predecessor-version":[{"id":46048,"href":"https:\/\/radiocresatelital.com\/index.php?rest_route=\/wp\/v2\/posts\/46046\/revisions\/46048"}],"wp:featuredmedia":[{"embeddable":true,"href":"https:\/\/radiocresatelital.com\/index.php?rest_route=\/wp\/v2\/media\/46047"}],"wp:attachment":[{"href":"https:\/\/radiocresatelital.com\/index.php?rest_route=%2Fwp%2Fv2%2Fmedia&parent=46046"}],"wp:term":[{"taxonomy":"category","embeddable":true,"href":"https:\/\/radiocresatelital.com\/index.php?rest_route=%2Fwp%2Fv2%2Fcategories&post=46046"},{"taxonomy":"post_tag","embeddable":true,"href":"https:\/\/radiocresatelital.com\/index.php?rest_route=%2Fwp%2Fv2%2Ftags&post=46046"}],"curies":[{"name":"wp","href":"https:\/\/api.w.org\/{rel}","templated":true}]}}