{"id":46040,"date":"2026-01-21T23:29:47","date_gmt":"2026-01-21T23:29:47","guid":{"rendered":"https:\/\/radiocresatelital.com\/?p=46040"},"modified":"2026-01-21T23:29:47","modified_gmt":"2026-01-21T23:29:47","slug":"avanza-el-tramite-del-proyecto-que-regula-el-apoyo-complementario-de-fuerzas-armadas-a-la-policia","status":"publish","type":"post","link":"https:\/\/radiocresatelital.com\/?p=46040","title":{"rendered":"Avanza el tr\u00e1mite del proyecto que regula el apoyo complementario de Fuerzas Armadas a la Polic\u00eda"},"content":{"rendered":"<p>Quito.- La Comisi\u00f3n de Soberan\u00eda, Integraci\u00f3n y Seguridad Integral, este mi\u00e9rcoles, 21 de enero, recibi\u00f3 aportes de la Procuradur\u00eda General del Estado y de la Universidad de Posgrado del Estado (IAEN) al proyecto de Ley Org\u00e1nica que Regula el Apoyo Complementario y Subsidiario de las Fuerzas Armadas a la Polic\u00eda Nacional, normativa que establece las condiciones, procedimientos, l\u00edmites, controles y responsabilidades para los casos de apoyo excepcional, de conformidad con lo previsto en el art\u00edculo 158 de la Constituci\u00f3n.<\/p>\n<p>As\u00ed, los delegados de la Procuradur\u00eda, Alonso Fonseca y Jorge Palacios, destacaron que se trata de una ley que permitir\u00e1 al Ecuador dar la cara ante el sistema internacional de derechos humanos, a la Corte Interamericana de Derechos Humanos, entre otras instancias, y ser\u00e1 una garant\u00eda de no repetici\u00f3n de hechos que ocurrieron en el pasado.<\/p>\n<p>Subrayaron que se trata de una legislaci\u00f3n que va de la mano con los tratados y dem\u00e1s instrumentos internacionales de derechos humanos. Entre otros aspectos, destacaron los ejes que reguardan la creaci\u00f3n de esta ley, partiendo de los principios de excepcionalidad, subsidiaridad, temporalidad, complementariedad, con total sometimiento al poder civil.<\/p>\n<p>Adem\u00e1s, la ley garantiza la rendici\u00f3n de cuentas. Se trata de un importante intento de contribuir a solucionar los problemas de seguridad que afronta el pa\u00eds. Dijeron que, en el caso de la temporalidad, se establece que la intervenci\u00f3n complementaria de las Fuerzas Aramadas puede ser de hasta 180 d\u00edas, con una \u00fanica pr\u00f3rroga hasta por 30 d\u00edas.<\/p>\n<p>Entre tanto, el delegado del IAEN, Gabriel Cede\u00f1o, dijo que las Fuerzas Armadas tienen las condiciones log\u00edsticas y t\u00e9cnicas para atender la seguridad interna, sin embargo, desde que se dict\u00f3 la Ley de Seeguridad P\u00fablica y del Estado hubo un enfoque reactivo, no preventivo, en la lucha contra el crimen organizado.<\/p>\n<p>Consider\u00f3 que hay algunas tem\u00e1ticas que deben puntualizarse, por ejemplo, el apoyo complementario, que es un par\u00e1metro y, por otro lado, el apoyo subsidiario, este \u00faltimo que resulta permanente y requiere de un despliegue mayor de infraestructura y medios log\u00edsticos.<\/p>\n<p>Sigiri\u00f3 que la necesidad de ampliar los t\u00edtulos referentes a prohibiciones y capacitaci\u00f3n de las Fuerzas Armadas, que tienen una preparaci\u00f3n y funcionamiento espec\u00edficos, de all\u00ed que es necesario incluir mecanismos operativos y organizativos para que se pueda cumplir con las operaciones, ya sea de apoyo complementario o de apoyo subsidiario a la Polic\u00eda Nacional.<\/p>\n","protected":false},"excerpt":{"rendered":"<p>Quito.- La Comisi\u00f3n de Soberan\u00eda, Integraci\u00f3n y Seguridad Integral, este mi\u00e9rcoles, 21 de enero, recibi\u00f3 aportes de la Procuradur\u00eda General del Estado y de la Universidad de Posgrado del Estado (IAEN) al proyecto de Ley Org\u00e1nica que Regula el Apoyo Complementario y Subsidiario de las Fuerzas Armadas a la Polic\u00eda Nacional, normativa que establece las [&hellip;]<\/p>\n","protected":false},"author":2,"featured_media":46041,"comment_status":"open","ping_status":"closed","sticky":false,"template":"","format":"standard","meta":{"_jetpack_memberships_contains_paid_content":false,"footnotes":""},"categories":[13],"tags":[7495,7497,7496,7498],"class_list":["post-46040","post","type-post","status-publish","format-standard","has-post-thumbnail","hentry","category-noticias-nacionales","tag-comision-de-soberania","tag-ley-organica-que-regula-el-apoyo-complementario","tag-procuraduria-general-del-estado","tag-subsidiario-de-las-fuerzas-armadas-a-la-policia-nacional"],"jetpack_featured_media_url":"https:\/\/radiocresatelital.com\/wp-content\/uploads\/2026\/01\/91ded492-2c33-41cc-94fe-bd95506081a7.jpg","jetpack_sharing_enabled":true,"_links":{"self":[{"href":"https:\/\/radiocresatelital.com\/index.php?rest_route=\/wp\/v2\/posts\/46040","targetHints":{"allow":["GET"]}}],"collection":[{"href":"https:\/\/radiocresatelital.com\/index.php?rest_route=\/wp\/v2\/posts"}],"about":[{"href":"https:\/\/radiocresatelital.com\/index.php?rest_route=\/wp\/v2\/types\/post"}],"author":[{"embeddable":true,"href":"https:\/\/radiocresatelital.com\/index.php?rest_route=\/wp\/v2\/users\/2"}],"replies":[{"embeddable":true,"href":"https:\/\/radiocresatelital.com\/index.php?rest_route=%2Fwp%2Fv2%2Fcomments&post=46040"}],"version-history":[{"count":1,"href":"https:\/\/radiocresatelital.com\/index.php?rest_route=\/wp\/v2\/posts\/46040\/revisions"}],"predecessor-version":[{"id":46042,"href":"https:\/\/radiocresatelital.com\/index.php?rest_route=\/wp\/v2\/posts\/46040\/revisions\/46042"}],"wp:featuredmedia":[{"embeddable":true,"href":"https:\/\/radiocresatelital.com\/index.php?rest_route=\/wp\/v2\/media\/46041"}],"wp:attachment":[{"href":"https:\/\/radiocresatelital.com\/index.php?rest_route=%2Fwp%2Fv2%2Fmedia&parent=46040"}],"wp:term":[{"taxonomy":"category","embeddable":true,"href":"https:\/\/radiocresatelital.com\/index.php?rest_route=%2Fwp%2Fv2%2Fcategories&post=46040"},{"taxonomy":"post_tag","embeddable":true,"href":"https:\/\/radiocresatelital.com\/index.php?rest_route=%2Fwp%2Fv2%2Ftags&post=46040"}],"curies":[{"name":"wp","href":"https:\/\/api.w.org\/{rel}","templated":true}]}}