{"id":45911,"date":"2026-01-20T21:30:10","date_gmt":"2026-01-20T21:30:10","guid":{"rendered":"https:\/\/radiocresatelital.com\/?p=45911"},"modified":"2026-01-20T21:30:10","modified_gmt":"2026-01-20T21:30:10","slug":"oswaldo-vizcarrondo-nombrado-como-nuevo-tecnico-de-la-seleccion-venezolana-de-futbol","status":"publish","type":"post","link":"https:\/\/radiocresatelital.com\/?p=45911","title":{"rendered":"Oswaldo Vizcarrondo nombrado como nuevo T\u00e9cnico de la Selecci\u00f3n Venezolana de F\u00fatbol"},"content":{"rendered":"<p>Caracas.- La Federaci\u00f3n Venezolana de F\u00fatbol (FVF) ha comunicado que el exjugador vinotinto, Oswaldo Vizcarrondo cmo el nuevo T\u00e9cnico del combinado venezolano dentro del plan 2026-2034, tras la salida de Fernando Batista.<\/p>\n<p>\u00abDespu\u00e9s de much\u00edsimo tiempo debatiendo, logramos tomar la decisi\u00f3n correcta, no improvisada, no apresurada, no impuesta, de que nuestro director t\u00e9cnico de la selecci\u00f3n nacional absoluta sea nuestro referente, nuestro l\u00edder, nuestro \u00eddolo (\u2026) nuestro querido Oswaldo Vizcarrondo\u00bb, indic\u00f3 el presidente de la FVF, Jorge Gim\u00e9nez, en una rueda de prensa.<\/p>\n<p>Vizcarrondo estar\u00e1 acompa\u00f1ado en el cuerpo t\u00e9cnico por el brasile\u00f1o Cleber Xavier como primer asistente, por el uruguayo \u00d3scar Ortega como preparador f\u00edsico, as\u00ed como por el colombiano N\u00e9stor Mario Mar\u00edn como preparador de porteros.<\/p>\n<p>\u00abEsto no es un nombramiento, es un proyecto a largo plazo\u00bb, defendi\u00f3 Gim\u00e9nez.<\/p>\n<p>La Federaci\u00f3n Venezolana de F\u00fatbol nombr\u00f3 a Vizcarrondo seleccionador interino en septiembre, tras destituir a Batista por no alcanzar la repesca al Mundial de 2026.<\/p>\n<p>El exjugador venezolano, de 41 a\u00f1os, debut\u00f3 como defensor en 2001 y colg\u00f3 las botas en 2021. Jug\u00f3 en Caracas, el Lan\u00fas argentino y el Nantes franc\u00e9s.<\/p>\n<p>Visti\u00f3 la camiseta de la Vinotinto en cuatro ediciones de la Copa Am\u00e9rica (2007, 2011, 2015 y 2016).<\/p>\n<p>Adem\u00e1s, dirigi\u00f3 la selecci\u00f3n sub-17 y la clasific\u00f3 al Mundial de Catar de noviembre pasado, donde el equipo qued\u00f3 eliminado tras perder ante Corea del Norte en la primera ronda.<\/p>\n","protected":false},"excerpt":{"rendered":"<p>Caracas.- La Federaci\u00f3n Venezolana de F\u00fatbol (FVF) ha comunicado que el exjugador vinotinto, Oswaldo Vizcarrondo cmo el nuevo T\u00e9cnico del combinado venezolano dentro del plan 2026-2034, tras la salida de Fernando Batista. \u00abDespu\u00e9s de much\u00edsimo tiempo debatiendo, logramos tomar la decisi\u00f3n correcta, no improvisada, no apresurada, no impuesta, de que nuestro director t\u00e9cnico de la [&hellip;]<\/p>\n","protected":false},"author":2,"featured_media":45912,"comment_status":"open","ping_status":"closed","sticky":false,"template":"","format":"standard","meta":{"_jetpack_memberships_contains_paid_content":false,"footnotes":""},"categories":[7],"tags":[7470,727],"class_list":["post-45911","post","type-post","status-publish","format-standard","has-post-thumbnail","hentry","category-futbol-internacional","tag-oswaldo-vizcarrondo","tag-seleccion-venezuela"],"jetpack_featured_media_url":"https:\/\/radiocresatelital.com\/wp-content\/uploads\/2026\/01\/Portada-14.webp","jetpack_sharing_enabled":true,"_links":{"self":[{"href":"https:\/\/radiocresatelital.com\/index.php?rest_route=\/wp\/v2\/posts\/45911","targetHints":{"allow":["GET"]}}],"collection":[{"href":"https:\/\/radiocresatelital.com\/index.php?rest_route=\/wp\/v2\/posts"}],"about":[{"href":"https:\/\/radiocresatelital.com\/index.php?rest_route=\/wp\/v2\/types\/post"}],"author":[{"embeddable":true,"href":"https:\/\/radiocresatelital.com\/index.php?rest_route=\/wp\/v2\/users\/2"}],"replies":[{"embeddable":true,"href":"https:\/\/radiocresatelital.com\/index.php?rest_route=%2Fwp%2Fv2%2Fcomments&post=45911"}],"version-history":[{"count":1,"href":"https:\/\/radiocresatelital.com\/index.php?rest_route=\/wp\/v2\/posts\/45911\/revisions"}],"predecessor-version":[{"id":45913,"href":"https:\/\/radiocresatelital.com\/index.php?rest_route=\/wp\/v2\/posts\/45911\/revisions\/45913"}],"wp:featuredmedia":[{"embeddable":true,"href":"https:\/\/radiocresatelital.com\/index.php?rest_route=\/wp\/v2\/media\/45912"}],"wp:attachment":[{"href":"https:\/\/radiocresatelital.com\/index.php?rest_route=%2Fwp%2Fv2%2Fmedia&parent=45911"}],"wp:term":[{"taxonomy":"category","embeddable":true,"href":"https:\/\/radiocresatelital.com\/index.php?rest_route=%2Fwp%2Fv2%2Fcategories&post=45911"},{"taxonomy":"post_tag","embeddable":true,"href":"https:\/\/radiocresatelital.com\/index.php?rest_route=%2Fwp%2Fv2%2Ftags&post=45911"}],"curies":[{"name":"wp","href":"https:\/\/api.w.org\/{rel}","templated":true}]}}