{"id":45821,"date":"2026-01-19T21:35:32","date_gmt":"2026-01-19T21:35:32","guid":{"rendered":"https:\/\/radiocresatelital.com\/?p=45821"},"modified":"2026-01-19T21:35:42","modified_gmt":"2026-01-19T21:35:42","slug":"mercaderia-es-devuelta-a-comerciante-de-la-bahia-tras-retiro-indebido","status":"publish","type":"post","link":"https:\/\/radiocresatelital.com\/?p=45821","title":{"rendered":"Mercader\u00eda es devuelta a comerciante de la Bah\u00eda tras retiro indebido"},"content":{"rendered":"<p>Guayaquil.- La empresa p\u00fablica SEGURA EP actu\u00f3 de manera inmediata tras la difusi\u00f3n de un video en redes sociales que evidenci\u00f3 el retiro indebido de mercader\u00eda a una comerciante informal en el sector de la Bah\u00eda, durante un recorrido de control del espacio p\u00fablico realizado por agentes de control municipal.<\/p>\n<p>Luego de conocerse el hecho, el Gerente de la entidad, Alex Anchundia, acudi\u00f3 personalmente al lugar para dialogar con la vendedora y proceder a la devoluci\u00f3n \u00edntegra de sus productos. El funcionario dej\u00f3 constancia de que los bienes retirados fueron debidamente inventariados y almacenados conforme al procedimiento establecido.<\/p>\n<p>\u201cSi bien ella estaba incumpliendo una ordenanza, eso no significa que no se act\u00fae con respeto a la dignidad, integridad y derechos de las personas. Reprochamos la forma en la que se retir\u00f3 el producto a la se\u00f1ora\u201d, se\u00f1al\u00f3 Anchundia.<\/p>\n<p>Como medida correctiva, el gerente inform\u00f3 que los cinco agentes involucrados fueron separados de sus funciones mientras se revisan los protocolos y se desarrolla el debido proceso conforme a la normativa vigente.<\/p>\n<p>Adicionalmente, SEGURA EP y el Municipio de Guayaquil ofrecieron a la comerciante la posibilidad de acceder a un espacio municipal autorizado para que pueda ejercer su actividad de manera formal.<\/p>\n","protected":false},"excerpt":{"rendered":"<p>Guayaquil.- La empresa p\u00fablica SEGURA EP actu\u00f3 de manera inmediata tras la difusi\u00f3n de un video en redes sociales que evidenci\u00f3 el retiro indebido de mercader\u00eda a una comerciante informal en el sector de la Bah\u00eda, durante un recorrido de control del espacio p\u00fablico realizado por agentes de control municipal. Luego de conocerse el hecho, [&hellip;]<\/p>\n","protected":false},"author":2,"featured_media":45822,"comment_status":"open","ping_status":"closed","sticky":false,"template":"","format":"standard","meta":{"_jetpack_memberships_contains_paid_content":false,"footnotes":""},"categories":[33,13],"tags":[7454,7453,785],"class_list":["post-45821","post","type-post","status-publish","format-standard","has-post-thumbnail","hentry","category-guayaquil","category-noticias-nacionales","tag-alex-anchundia","tag-gerente","tag-segura-ep"],"jetpack_featured_media_url":"https:\/\/radiocresatelital.com\/wp-content\/uploads\/2026\/01\/IMG-20260119-WA0385-scaled.jpg","jetpack_sharing_enabled":true,"_links":{"self":[{"href":"https:\/\/radiocresatelital.com\/index.php?rest_route=\/wp\/v2\/posts\/45821","targetHints":{"allow":["GET"]}}],"collection":[{"href":"https:\/\/radiocresatelital.com\/index.php?rest_route=\/wp\/v2\/posts"}],"about":[{"href":"https:\/\/radiocresatelital.com\/index.php?rest_route=\/wp\/v2\/types\/post"}],"author":[{"embeddable":true,"href":"https:\/\/radiocresatelital.com\/index.php?rest_route=\/wp\/v2\/users\/2"}],"replies":[{"embeddable":true,"href":"https:\/\/radiocresatelital.com\/index.php?rest_route=%2Fwp%2Fv2%2Fcomments&post=45821"}],"version-history":[{"count":1,"href":"https:\/\/radiocresatelital.com\/index.php?rest_route=\/wp\/v2\/posts\/45821\/revisions"}],"predecessor-version":[{"id":45823,"href":"https:\/\/radiocresatelital.com\/index.php?rest_route=\/wp\/v2\/posts\/45821\/revisions\/45823"}],"wp:featuredmedia":[{"embeddable":true,"href":"https:\/\/radiocresatelital.com\/index.php?rest_route=\/wp\/v2\/media\/45822"}],"wp:attachment":[{"href":"https:\/\/radiocresatelital.com\/index.php?rest_route=%2Fwp%2Fv2%2Fmedia&parent=45821"}],"wp:term":[{"taxonomy":"category","embeddable":true,"href":"https:\/\/radiocresatelital.com\/index.php?rest_route=%2Fwp%2Fv2%2Fcategories&post=45821"},{"taxonomy":"post_tag","embeddable":true,"href":"https:\/\/radiocresatelital.com\/index.php?rest_route=%2Fwp%2Fv2%2Ftags&post=45821"}],"curies":[{"name":"wp","href":"https:\/\/api.w.org\/{rel}","templated":true}]}}