{"id":45814,"date":"2026-01-19T21:28:28","date_gmt":"2026-01-19T21:28:28","guid":{"rendered":"https:\/\/radiocresatelital.com\/?p=45814"},"modified":"2026-01-19T21:28:28","modified_gmt":"2026-01-19T21:28:28","slug":"la-television-publica-y-radio-nacional-transmitiran-todos-los-partidos-de-la-seleccion-argentina-durante-la-copa-del-mundo-2026-manuel-adorni","status":"publish","type":"post","link":"https:\/\/radiocresatelital.com\/?p=45814","title":{"rendered":"La Televisi\u00f3n P\u00fablica y Radio Nacional transmitir\u00e1n todos los partidos de la Selecci\u00f3n Argentina durante la\u00a0Copa del Mundo 2026, Manuel Adorni"},"content":{"rendered":"<p>Buenos Aires.- El Gobierno argentino ha manifestado que los partidos de la Selecci\u00f3n Argentina deba disputar en el Mundial 2026 se transmitir\u00e1n en directo por las se\u00f1ales de radio y televisi\u00f3n p\u00fablicas poniendo as\u00ed fin a la pol\u00e9mica desatada en los \u00faltimos meses tras difundirse en la prensa local que, por primera vez en m\u00e1s de medio siglo, la competici\u00f3n se emitir\u00eda exclusivamente por se\u00f1ales privadas.<\/p>\n<p>\u00abLa Televisi\u00f3n P\u00fablica y Radio Nacional transmitir\u00e1n todos los partidos de la Selecci\u00f3n Argentina durante la\u00a0Copa del Mundo 2026\u00ab, afirm\u00f3 el jefe de Gabinete, Manuel Adorni, en su cuenta de la red social X.<\/p>\n<p>El funcionario aclar\u00f3 que \u00abgracias a un acuerdo comercial, el costo de los derechos de transmisi\u00f3n no se afrontar\u00e1 con el dinero de los impuestos\u00bb, aunque fuentes oficiales consultadas por EFE no aportaron mayores precisiones sobre los t\u00e9rminos del acuerdo o el origen de los fondos para abonar la transmisi\u00f3n.<\/p>\n<p><img decoding=\"async\" src=\"https:\/\/studiofutbol.com.ec\/wp-content\/uploads\/2025\/09\/messi-gol-mexico-1068x601.jpg\" alt=\"El plan de Messi para la \u00faltima gira de la Selecci\u00f3n Argentina en 2025 |  Studiofutbol\" \/><\/p>\n<p><span style=\"font-size: 16px;\">Seg\u00fan informaron medios locales, se trata de un esquema comercial similar al implementado durante el Mundial de Catar 2022, bajo la gesti\u00f3n del presidente Alberto Fern\u00e1ndez (2019-2023), en el que los costos de producci\u00f3n y derechos de transmisi\u00f3n se costearon con ingresos publicitarios.<\/span><\/p>\n<p>Adem\u00e1s, tras la difusi\u00f3n del anuncio de este lunes, el presidente\u00a0Javier Milei\u00a0aprovech\u00f3 para atacar nuevamente a los periodistas al citar una nota de un medio local que asegur\u00f3 en agosto pasado que los medios p\u00fablicos transmitir\u00edan la competici\u00f3n.<\/p>\n<p>El campeonato se llevar\u00e1 a cabo del 11 de junio al 19 de julio de 2026, con partidos que se disputar\u00e1n en 16 ciudades de M\u00e9xico, Estados Unidos y Canad\u00e1.<\/p>\n<p>El conjunto liderado por Lionel Messi qued\u00f3 emparejado en el Grupo J para enfrentar el 16 de junio a Argelia en la ciudad de Kansas; a Austria en Dallas el 22 de junio, y a Jordania el 27 de junio en la misma ciudad.<\/p>\n","protected":false},"excerpt":{"rendered":"<p>Buenos Aires.- El Gobierno argentino ha manifestado que los partidos de la Selecci\u00f3n Argentina deba disputar en el Mundial 2026 se transmitir\u00e1n en directo por las se\u00f1ales de radio y televisi\u00f3n p\u00fablicas poniendo as\u00ed fin a la pol\u00e9mica desatada en los \u00faltimos meses tras difundirse en la prensa local que, por primera vez en m\u00e1s [&hellip;]<\/p>\n","protected":false},"author":2,"featured_media":45816,"comment_status":"open","ping_status":"closed","sticky":false,"template":"","format":"standard","meta":{"_jetpack_memberships_contains_paid_content":false,"footnotes":""},"categories":[7,955],"tags":[573],"class_list":["post-45814","post","type-post","status-publish","format-standard","has-post-thumbnail","hentry","category-futbol-internacional","category-mundial-de-futbol","tag-seleccion-argentina"],"jetpack_featured_media_url":"https:\/\/radiocresatelital.com\/wp-content\/uploads\/2026\/01\/628359.jpg","jetpack_sharing_enabled":true,"_links":{"self":[{"href":"https:\/\/radiocresatelital.com\/index.php?rest_route=\/wp\/v2\/posts\/45814","targetHints":{"allow":["GET"]}}],"collection":[{"href":"https:\/\/radiocresatelital.com\/index.php?rest_route=\/wp\/v2\/posts"}],"about":[{"href":"https:\/\/radiocresatelital.com\/index.php?rest_route=\/wp\/v2\/types\/post"}],"author":[{"embeddable":true,"href":"https:\/\/radiocresatelital.com\/index.php?rest_route=\/wp\/v2\/users\/2"}],"replies":[{"embeddable":true,"href":"https:\/\/radiocresatelital.com\/index.php?rest_route=%2Fwp%2Fv2%2Fcomments&post=45814"}],"version-history":[{"count":2,"href":"https:\/\/radiocresatelital.com\/index.php?rest_route=\/wp\/v2\/posts\/45814\/revisions"}],"predecessor-version":[{"id":45817,"href":"https:\/\/radiocresatelital.com\/index.php?rest_route=\/wp\/v2\/posts\/45814\/revisions\/45817"}],"wp:featuredmedia":[{"embeddable":true,"href":"https:\/\/radiocresatelital.com\/index.php?rest_route=\/wp\/v2\/media\/45816"}],"wp:attachment":[{"href":"https:\/\/radiocresatelital.com\/index.php?rest_route=%2Fwp%2Fv2%2Fmedia&parent=45814"}],"wp:term":[{"taxonomy":"category","embeddable":true,"href":"https:\/\/radiocresatelital.com\/index.php?rest_route=%2Fwp%2Fv2%2Fcategories&post=45814"},{"taxonomy":"post_tag","embeddable":true,"href":"https:\/\/radiocresatelital.com\/index.php?rest_route=%2Fwp%2Fv2%2Ftags&post=45814"}],"curies":[{"name":"wp","href":"https:\/\/api.w.org\/{rel}","templated":true}]}}