{"id":45811,"date":"2026-01-19T21:20:42","date_gmt":"2026-01-19T21:20:42","guid":{"rendered":"https:\/\/radiocresatelital.com\/?p=45811"},"modified":"2026-01-19T21:20:42","modified_gmt":"2026-01-19T21:20:42","slug":"un-grandisimo-entrenador-xabi-alonso-kylian-mbappe","status":"publish","type":"post","link":"https:\/\/radiocresatelital.com\/?p=45811","title":{"rendered":"Un grand\u00edsimo entrenador Xabi Alonso, Kylian Mbapp\u00e9"},"content":{"rendered":"<p>Madrid.- El delantero franc\u00e9s que milita en el Real Madrid, Kylian Mbapp\u00e9, ha manifestado que el t\u00e9cnico Xabi Alonso quien fue apartado por la dirigencia, como \u00abun grand\u00edsimo entrenador\u00bb con el que tuvo \u00abuna relaci\u00f3n espectacular\u00bb y dijo que no se puede decir que no haya triunfado, porque \u00abse fue antes de que se decidan los \u00abt\u00edtulos\u00bb.<\/p>\n<p>Mbapp\u00e9 desvel\u00f3 que viaj\u00f3 a Yeda sin estar en condiciones de jugar la final de la Supercopa ante el Barcelona, por un esguince de rodilla, y que arriesg\u00f3 por el t\u00e9cnico tolosarra.<\/p>\n<p>\u00abViajo porque quiero siempre jugar todos los partidos. Est\u00e9 bien o mal. Soy as\u00ed. Si tengo la oportunidad de jugar cada partido, lo har\u00e9. El club hizo un plan para volver en la Supercopa y no fue posible ante el Atleti. Me qued\u00e9 muy triste aqu\u00ed viendo competir a mis compa\u00f1eros. Ganaron, yo no estaba listo para jugar pero el m\u00edster me pidi\u00f3 venir para apoyar al equipo y es normal\u00bb, desvel\u00f3.<\/p>\n<p>\u00abEn un partido tan importante lo individual queda atr\u00e1s al inter\u00e9s del equipo e intent\u00e9 jugar lo m\u00e1ximo que pude. No fue bien porque no ganamos, y ahora, estoy de vuelta para ayudar y hacer las cosas bien\u00bb, a\u00f1adi\u00f3.<\/p>\n<p>En las palabras de Mbapp\u00e9 qued\u00f3 claro su pensamiento sobre\u00a0la destituci\u00f3n de Xabi Alonso, al que ensalz\u00f3 en todo momento y defendi\u00f3 de la cr\u00edtica.<\/p>\n<p>\u00abDecir que Xabi Alonso no ha triunfado en el\u00a0Real Madrid no es verdad. Se fue antes de que se decidan todos los t\u00edtulos. Ha perdido solamente uno, que es la Supercopa, el resto estamos vivos. Hemos perdido la Copa despu\u00e9s\u00bb, recalc\u00f3.<\/p>\n<p>\u00abPara m\u00ed va a ser un grand\u00edsimo entrenador. He tenido una relaci\u00f3n espectacular con \u00e9l y le deseo lo mejor. Me gusta su visi\u00f3n del f\u00fatbol, tiene esa obsesi\u00f3n por los detalles, por el juego. Conoce mucho del f\u00fatbol moderno. Ha pasado lo que ha pasado, es una decisi\u00f3n del club que hay que respetar. Ahora hay un nuevo entrenador que tenemos que ayudar porque es su primera experiencia profesional. Y vamos a dar todo para que le vaya bien a Arbeloa y al Real Madrid siempre\u00bb, a\u00f1adi\u00f3.<\/p>\n<p>Adem\u00e1s de ser el primer jugador del Real Madrid que lanz\u00f3 un mensaje de apoyo en las redes sociales a Xabi tras su destituci\u00f3n, Mbapp\u00e9 admiti\u00f3 que el lunes de la pasada semana, el mismo d\u00eda en el que el club le comunic\u00f3 su despido, se puso en contacto telef\u00f3nicamente con el que ha sido siete meses su t\u00e9cnico.<\/p>\n<p>\u00abHabl\u00e9 con \u00e9l el d\u00eda de la noticia porque tenemos muy buena relaci\u00f3n. Hablamos de eso, de la vida, lo que va a pasar despu\u00e9s. Quer\u00eda apoyarle porque nunca es f\u00e1cil cuando pasan este tipo de cosas. Justo o injusto, no es mi responsabilidad. Soy jugador del Real Madrid y con todo el cari\u00f1o que tengo por Xabi, s\u00e9 que la vida es as\u00ed, tengo que seguir adelante\u00bb, reflexion\u00f3.<\/p>\n<p>\u00abAs\u00ed es el f\u00fatbol. Tengo que apoyar a mi nuevo entrenador, que es Arbeloa, con el cari\u00f1o que le he dado a Xabi. Es la vida de un futbolista de alto nivel. Es una decisi\u00f3n del club y hay que respetarla defendiendo siempre el escudo del Real Madrid\u00bb, sentenci\u00f3.<\/p>\n","protected":false},"excerpt":{"rendered":"<p>Madrid.- El delantero franc\u00e9s que milita en el Real Madrid, Kylian Mbapp\u00e9, ha manifestado que el t\u00e9cnico Xabi Alonso quien fue apartado por la dirigencia, como \u00abun grand\u00edsimo entrenador\u00bb con el que tuvo \u00abuna relaci\u00f3n espectacular\u00bb y dijo que no se puede decir que no haya triunfado, porque \u00abse fue antes de que se decidan [&hellip;]<\/p>\n","protected":false},"author":2,"featured_media":45812,"comment_status":"open","ping_status":"closed","sticky":false,"template":"","format":"standard","meta":{"_jetpack_memberships_contains_paid_content":false,"footnotes":""},"categories":[7],"tags":[],"class_list":["post-45811","post","type-post","status-publish","format-standard","has-post-thumbnail","hentry","category-futbol-internacional"],"jetpack_featured_media_url":"https:\/\/radiocresatelital.com\/wp-content\/uploads\/2026\/01\/mbappe-xabi.webp","jetpack_sharing_enabled":true,"_links":{"self":[{"href":"https:\/\/radiocresatelital.com\/index.php?rest_route=\/wp\/v2\/posts\/45811","targetHints":{"allow":["GET"]}}],"collection":[{"href":"https:\/\/radiocresatelital.com\/index.php?rest_route=\/wp\/v2\/posts"}],"about":[{"href":"https:\/\/radiocresatelital.com\/index.php?rest_route=\/wp\/v2\/types\/post"}],"author":[{"embeddable":true,"href":"https:\/\/radiocresatelital.com\/index.php?rest_route=\/wp\/v2\/users\/2"}],"replies":[{"embeddable":true,"href":"https:\/\/radiocresatelital.com\/index.php?rest_route=%2Fwp%2Fv2%2Fcomments&post=45811"}],"version-history":[{"count":1,"href":"https:\/\/radiocresatelital.com\/index.php?rest_route=\/wp\/v2\/posts\/45811\/revisions"}],"predecessor-version":[{"id":45813,"href":"https:\/\/radiocresatelital.com\/index.php?rest_route=\/wp\/v2\/posts\/45811\/revisions\/45813"}],"wp:featuredmedia":[{"embeddable":true,"href":"https:\/\/radiocresatelital.com\/index.php?rest_route=\/wp\/v2\/media\/45812"}],"wp:attachment":[{"href":"https:\/\/radiocresatelital.com\/index.php?rest_route=%2Fwp%2Fv2%2Fmedia&parent=45811"}],"wp:term":[{"taxonomy":"category","embeddable":true,"href":"https:\/\/radiocresatelital.com\/index.php?rest_route=%2Fwp%2Fv2%2Fcategories&post=45811"},{"taxonomy":"post_tag","embeddable":true,"href":"https:\/\/radiocresatelital.com\/index.php?rest_route=%2Fwp%2Fv2%2Ftags&post=45811"}],"curies":[{"name":"wp","href":"https:\/\/api.w.org\/{rel}","templated":true}]}}