{"id":45785,"date":"2026-01-19T20:23:10","date_gmt":"2026-01-19T20:23:10","guid":{"rendered":"https:\/\/radiocresatelital.com\/?p=45785"},"modified":"2026-01-19T20:23:41","modified_gmt":"2026-01-19T20:23:41","slug":"inicia-la-pretemporada-de-arbitros-conmebol-2026","status":"publish","type":"post","link":"https:\/\/radiocresatelital.com\/?p=45785","title":{"rendered":"Inicia la Pretemporada de \u00c1rbitros CONMEBOL 2026"},"content":{"rendered":"<p>Luque.- Del lunes 19 de enero al domingo 01 de febrero se extender\u00e1 la Pretemporada 2026 de \u00c1rbitros y \u00c1rbitros Asistentes, organizada por la Comisi\u00f3n de \u00c1rbitros de la CONMEBOL, cuyos objetivos son la de fortalecer los aspectos t\u00e9cnicos y los procedimientos en el campo de juego para todas las competiciones, tanto de selecciones como de clubes.<\/p>\n<p>La preparaci\u00f3n de un \u00e1rbitro es continua y est\u00e1 orientada al cumplimiento de metas, lo que requiere dedicaci\u00f3n y esfuerzo constante. Por ello, los felicitamos por el trabajo realizado, analizaba C\u00e1ceres<\/p>\n<p>En este 2026 nos esperan numerosas competiciones y, as\u00ed como los equipos se preparan, nosotros tambi\u00e9n debemos hacerlo, manteniendo y fortaleciendo la identidad del \u00e1rbitro sudamericano, reconocida en el mundo, coment\u00f3\u00a0Enrique C\u00e1ceres\u00a0Presidente de la Comisi\u00f3n de \u00c1rbitros de la CONMEBOL<\/p>\n<p>En la Pretemporada se abordar\u00e1n contenidos te\u00f3ricos y se impartir\u00e1n directrices t\u00e9cnicas, reglamentarias y administrativas con el fin de preparar a los profesionales para el inicio de los torneos del a\u00f1o en las diversas categor\u00edas, coment\u00f3 el Presidente de CONMEBOL<\/p>\n<p>Ustedes son el \u00fanico equipo que tengo, al \u00fanico al que aliento. Me interesa que a ustedes les vaya bien y los felicito, porque han realizado un gran trabajo para jerarquizar a\u00fan m\u00e1s el arbitraje sudamericano.<br \/>\nLo importante es que sigamos trabajando con convicci\u00f3n, sabiendo que venimos a trabajar para hacer historia, indicaba Alejandro Dom\u00ednguez.<\/p>\n<p>Un total de 135 profesionales entre \u00e1rbitros y \u00e1rbitros asistentes provenientes de las diez Asociaciones Miembro de la CONMEBOL, m\u00e1s la Comisi\u00f3n Arbitral, Instructores t\u00e9cnicos, M\u00e9dicos, Fisioterapeutas, inform\u00e1ticos y Staff CONMEBOL forman parte de la Pretemporada 2026. Estos estar\u00e1n divididos en tres grupos y trabajar\u00e1n durante cuatro d\u00edas cada uno.<\/p>\n<p><em><strong>TOMADO DE CONMEBOL.COM<\/strong><\/em><\/p>\n","protected":false},"excerpt":{"rendered":"<p>Luque.- Del lunes 19 de enero al domingo 01 de febrero se extender\u00e1 la Pretemporada 2026 de \u00c1rbitros y \u00c1rbitros Asistentes, organizada por la Comisi\u00f3n de \u00c1rbitros de la CONMEBOL, cuyos objetivos son la de fortalecer los aspectos t\u00e9cnicos y los procedimientos en el campo de juego para todas las competiciones, tanto de selecciones como [&hellip;]<\/p>\n","protected":false},"author":2,"featured_media":45786,"comment_status":"open","ping_status":"closed","sticky":false,"template":"","format":"standard","meta":{"_jetpack_memberships_contains_paid_content":false,"footnotes":""},"categories":[7],"tags":[7448],"class_list":["post-45785","post","type-post","status-publish","format-standard","has-post-thumbnail","hentry","category-futbol-internacional","tag-pretemporada-de-arbitros"],"jetpack_featured_media_url":"https:\/\/radiocresatelital.com\/wp-content\/uploads\/2026\/01\/DSC08807-1-1024x683-1.jpg","jetpack_sharing_enabled":true,"_links":{"self":[{"href":"https:\/\/radiocresatelital.com\/index.php?rest_route=\/wp\/v2\/posts\/45785","targetHints":{"allow":["GET"]}}],"collection":[{"href":"https:\/\/radiocresatelital.com\/index.php?rest_route=\/wp\/v2\/posts"}],"about":[{"href":"https:\/\/radiocresatelital.com\/index.php?rest_route=\/wp\/v2\/types\/post"}],"author":[{"embeddable":true,"href":"https:\/\/radiocresatelital.com\/index.php?rest_route=\/wp\/v2\/users\/2"}],"replies":[{"embeddable":true,"href":"https:\/\/radiocresatelital.com\/index.php?rest_route=%2Fwp%2Fv2%2Fcomments&post=45785"}],"version-history":[{"count":2,"href":"https:\/\/radiocresatelital.com\/index.php?rest_route=\/wp\/v2\/posts\/45785\/revisions"}],"predecessor-version":[{"id":45788,"href":"https:\/\/radiocresatelital.com\/index.php?rest_route=\/wp\/v2\/posts\/45785\/revisions\/45788"}],"wp:featuredmedia":[{"embeddable":true,"href":"https:\/\/radiocresatelital.com\/index.php?rest_route=\/wp\/v2\/media\/45786"}],"wp:attachment":[{"href":"https:\/\/radiocresatelital.com\/index.php?rest_route=%2Fwp%2Fv2%2Fmedia&parent=45785"}],"wp:term":[{"taxonomy":"category","embeddable":true,"href":"https:\/\/radiocresatelital.com\/index.php?rest_route=%2Fwp%2Fv2%2Fcategories&post=45785"},{"taxonomy":"post_tag","embeddable":true,"href":"https:\/\/radiocresatelital.com\/index.php?rest_route=%2Fwp%2Fv2%2Ftags&post=45785"}],"curies":[{"name":"wp","href":"https:\/\/api.w.org\/{rel}","templated":true}]}}