{"id":45686,"date":"2026-01-16T23:04:41","date_gmt":"2026-01-16T23:04:41","guid":{"rendered":"https:\/\/radiocresatelital.com\/?p=45686"},"modified":"2026-01-16T23:04:41","modified_gmt":"2026-01-16T23:04:41","slug":"trinitaria-social-alianza-publico-privada-transformara-la-isla-trinitaria-sur-y-beneficiara-a-mas-de-92-000-familias","status":"publish","type":"post","link":"https:\/\/radiocresatelital.com\/?p=45686","title":{"rendered":"Trinitaria Social: alianza p\u00fablico-privada transformar\u00e1 la Isla Trinitaria Sur y beneficiar\u00e1 a m\u00e1s de 92.000 familias"},"content":{"rendered":"<p>Guayaquil.- Con la firma del convenio marco de cooperaci\u00f3n entre la Direcci\u00f3n de Acci\u00f3n Social y Educaci\u00f3n (DASE EP) y las empresas Trinidesarrollo, Triniservicios S.A. y Fertigran, el proyecto Trinitaria Social inicia una intervenci\u00f3n sostenida en la Isla Trinitaria Sur, articulando al sector p\u00fablico y privado en acciones directas de educaci\u00f3n, convivencia comunitaria y desarrollo productivo.<\/p>\n<p>El convenio tendr\u00e1 una vigencia de dos a\u00f1os e incluye formaci\u00f3n vocacional temprana, centros de apoyo escolar comunitario, talleres t\u00e9cnicos y productivos, mentor\u00edas educativas y acompa\u00f1amiento psicosocial, dirigidos a ni\u00f1as, ni\u00f1os, adolescentes, j\u00f3venes y adultos, priorizando a la poblaci\u00f3n en situaci\u00f3n de vulnerabilidad.<\/p>\n<p>El alcalde de Guayaquil, Aquiles Alvarez, destac\u00f3 que este tipo de alianzas permiten transformar los territorios: \u201cCuando el sector p\u00fablico, la empresa privada y la comunidad trabajan con prop\u00f3sito, las soluciones llegan al territorio y generan cambios reales para la gente\u201d, se\u00f1al\u00f3.<\/p>\n<p>Desde DASE EP, su gerente general Virgilio Pesantes subray\u00f3 que la reconstrucci\u00f3n social requiere corresponsabilidad: \u201cEl trabajo conjunto y colaborativo es fundamental para disminuir los indicadores de violencia y generar nuevas din\u00e1micas de desarrollo, no solo en la periferia sino en toda la ciudad\u201d, afirm\u00f3.<\/p>\n<p>Por su parte, Andrea Giler, presidenta del Directorio de DASE EP, resalt\u00f3 el enfoque humano del proyecto: \u201cCuando hay liderazgo con prop\u00f3sito se sostienen las comunidades. Este convenio fortalece la identidad, el talento y dignifica la vida de las familias guayaquile\u00f1as\u201d, expres\u00f3.<\/p>\n<p>La voz comunitaria estuvo representada por Jimmy Simisterra, quien se\u00f1al\u00f3 que el acuerdo va m\u00e1s all\u00e1 de lo administrativo: \u201cNo es solo la firma de un documento, es un compromiso transformador que renueva la esperanza de que hay autoridades y empresas que trabajan de coraz\u00f3n por la gente\u201d, manifest\u00f3.<\/p>\n<p>DASE EP facilitar\u00e1 infraestructura, espacios municipales y apoyo t\u00e9cnico e institucional, mientras que las empresas cooperantes ejecutar\u00e1n acciones de responsabilidad social empresarial mediante programas de formaci\u00f3n, talleres, mentor\u00edas y actividades de empleabilidad, garantizando seguimiento y<br \/>\nsostenibilidad en el territorio.<\/p>\n<p>Con Trinitaria Social, el Municipio de Guayaquil reafirma una pol\u00edtica social basada en la presencia territorial, la corresponsabilidad y la generaci\u00f3n de oportunidades sostenibles, colocando a la familia guayaquile\u00f1a en el centro del desarrollo social.<\/p>\n","protected":false},"excerpt":{"rendered":"<p>Guayaquil.- Con la firma del convenio marco de cooperaci\u00f3n entre la Direcci\u00f3n de Acci\u00f3n Social y Educaci\u00f3n (DASE EP) y las empresas Trinidesarrollo, Triniservicios S.A. y Fertigran, el proyecto Trinitaria Social inicia una intervenci\u00f3n sostenida en la Isla Trinitaria Sur, articulando al sector p\u00fablico y privado en acciones directas de educaci\u00f3n, convivencia comunitaria y desarrollo [&hellip;]<\/p>\n","protected":false},"author":2,"featured_media":45687,"comment_status":"open","ping_status":"closed","sticky":false,"template":"","format":"standard","meta":{"_jetpack_memberships_contains_paid_content":false,"footnotes":""},"categories":[33,13],"tags":[7427],"class_list":["post-45686","post","type-post","status-publish","format-standard","has-post-thumbnail","hentry","category-guayaquil","category-noticias-nacionales","tag-trinitaria-social"],"jetpack_featured_media_url":"https:\/\/radiocresatelital.com\/wp-content\/uploads\/2026\/01\/WhatsApp-Image-2026-01-13-at-11.26.37-1-1.jpeg","jetpack_sharing_enabled":true,"_links":{"self":[{"href":"https:\/\/radiocresatelital.com\/index.php?rest_route=\/wp\/v2\/posts\/45686","targetHints":{"allow":["GET"]}}],"collection":[{"href":"https:\/\/radiocresatelital.com\/index.php?rest_route=\/wp\/v2\/posts"}],"about":[{"href":"https:\/\/radiocresatelital.com\/index.php?rest_route=\/wp\/v2\/types\/post"}],"author":[{"embeddable":true,"href":"https:\/\/radiocresatelital.com\/index.php?rest_route=\/wp\/v2\/users\/2"}],"replies":[{"embeddable":true,"href":"https:\/\/radiocresatelital.com\/index.php?rest_route=%2Fwp%2Fv2%2Fcomments&post=45686"}],"version-history":[{"count":1,"href":"https:\/\/radiocresatelital.com\/index.php?rest_route=\/wp\/v2\/posts\/45686\/revisions"}],"predecessor-version":[{"id":45688,"href":"https:\/\/radiocresatelital.com\/index.php?rest_route=\/wp\/v2\/posts\/45686\/revisions\/45688"}],"wp:featuredmedia":[{"embeddable":true,"href":"https:\/\/radiocresatelital.com\/index.php?rest_route=\/wp\/v2\/media\/45687"}],"wp:attachment":[{"href":"https:\/\/radiocresatelital.com\/index.php?rest_route=%2Fwp%2Fv2%2Fmedia&parent=45686"}],"wp:term":[{"taxonomy":"category","embeddable":true,"href":"https:\/\/radiocresatelital.com\/index.php?rest_route=%2Fwp%2Fv2%2Fcategories&post=45686"},{"taxonomy":"post_tag","embeddable":true,"href":"https:\/\/radiocresatelital.com\/index.php?rest_route=%2Fwp%2Fv2%2Ftags&post=45686"}],"curies":[{"name":"wp","href":"https:\/\/api.w.org\/{rel}","templated":true}]}}