{"id":45650,"date":"2026-01-16T17:42:16","date_gmt":"2026-01-16T17:42:16","guid":{"rendered":"https:\/\/radiocresatelital.com\/?p=45650"},"modified":"2026-01-16T19:43:42","modified_gmt":"2026-01-16T19:43:42","slug":"gobierno-de-daniel-noboa-en-alianza-con-el-sector-privado-entrega-nueva-ludobiblioteca-para-beneficiar-a-mas-de-1600-estudiantes-en-daule","status":"publish","type":"post","link":"https:\/\/radiocresatelital.com\/?p=45650","title":{"rendered":"Gobierno de Daniel Noboa, en alianza con el sector privado, entrega nueva Ludobiblioteca para beneficiar a m\u00e1s de 1600 estudiantes en Daule"},"content":{"rendered":"<p>Daule.-\u00a0Con el objetivo de fortalecer el aprendizaje y fomentar el h\u00e1bito de la lectura en la ni\u00f1ez y juventud, se entreg\u00f3 la Ludobiblioteca de la Unidad Educativa Presidente Jos\u00e9 Luis Tamayo, en la ciudad de Daule.<\/p>\n<p>Este espacio es el resultado de un modelo de gesti\u00f3n exitoso que articula al sector p\u00fablico y privado, en el marco del proyecto Ludobibliotecas gestionado por Unidos por la Educaci\u00f3n, el cual se articula con \u201cPol\u00edtica Nacional de Fomento a la Lectura, la Oralidad y Acceso al Libro de Ecuador (2024-2030)\u201d.<\/p>\n<p>La Ludobiblioteca de esta institucional tiene una inversi\u00f3n de USD 76.630,69, en su infraestructura y equipamiento. Su financiamiento fue realizado por Corporaci\u00f3n El Rosado, Banco Internacional, Promesa, Agrogana, Plapasa, Corporaci\u00f3n Favorita y Fundaci\u00f3n Favorita; a trav\u00e9s del incentivo tributario del 150% de deducibilidad del impuesto a la renta. Un mecanismo fiscal del Ministerio de Educaci\u00f3n, Deporte y Cultura, que canaliza la inversi\u00f3n privada para el auspicio de proyectos culturales.<\/p>\n<p>La comunidad educativa de este cant\u00f3n guayasense ahora cuenta con un espacio moderno, pedag\u00f3gico y funcional, que beneficia de manera directa a 1.622 estudiantes y 68 docentes.<\/p>\n<p>Adem\u00e1s, se incorporar\u00e1n programas de mediaci\u00f3n lectora, asegurando un entorno propicio para desarrollar habilidades cognitivas, emocionales y creativas, de manera l\u00fadica e interactiva.<\/p>\n<p>El Minedec junto Unidos por la Educaci\u00f3n (UxE) reafirman el compromiso de impulsar a la comunidad a crear y ser parte de propuestas que reconozcan a la lectura como un derecho fundamental, fortaleciendo espacios educativos inclusivos y creativos para nuestra ni\u00f1ez.<\/p>\n","protected":false},"excerpt":{"rendered":"<p>Daule.-\u00a0Con el objetivo de fortalecer el aprendizaje y fomentar el h\u00e1bito de la lectura en la ni\u00f1ez y juventud, se entreg\u00f3 la Ludobiblioteca de la Unidad Educativa Presidente Jos\u00e9 Luis Tamayo, en la ciudad de Daule. Este espacio es el resultado de un modelo de gesti\u00f3n exitoso que articula al sector p\u00fablico y privado, en [&hellip;]<\/p>\n","protected":false},"author":2,"featured_media":45651,"comment_status":"open","ping_status":"closed","sticky":false,"template":"","format":"standard","meta":{"_jetpack_memberships_contains_paid_content":false,"footnotes":""},"categories":[13],"tags":[7420],"class_list":["post-45650","post","type-post","status-publish","format-standard","has-post-thumbnail","hentry","category-noticias-nacionales","tag-ludobiblioteca-de-la-unidad-educativa-presidente-jose-luis-tamayo"],"jetpack_featured_media_url":"https:\/\/radiocresatelital.com\/wp-content\/uploads\/2026\/01\/ludobiblio-1.png","jetpack_sharing_enabled":true,"_links":{"self":[{"href":"https:\/\/radiocresatelital.com\/index.php?rest_route=\/wp\/v2\/posts\/45650","targetHints":{"allow":["GET"]}}],"collection":[{"href":"https:\/\/radiocresatelital.com\/index.php?rest_route=\/wp\/v2\/posts"}],"about":[{"href":"https:\/\/radiocresatelital.com\/index.php?rest_route=\/wp\/v2\/types\/post"}],"author":[{"embeddable":true,"href":"https:\/\/radiocresatelital.com\/index.php?rest_route=\/wp\/v2\/users\/2"}],"replies":[{"embeddable":true,"href":"https:\/\/radiocresatelital.com\/index.php?rest_route=%2Fwp%2Fv2%2Fcomments&post=45650"}],"version-history":[{"count":1,"href":"https:\/\/radiocresatelital.com\/index.php?rest_route=\/wp\/v2\/posts\/45650\/revisions"}],"predecessor-version":[{"id":45652,"href":"https:\/\/radiocresatelital.com\/index.php?rest_route=\/wp\/v2\/posts\/45650\/revisions\/45652"}],"wp:featuredmedia":[{"embeddable":true,"href":"https:\/\/radiocresatelital.com\/index.php?rest_route=\/wp\/v2\/media\/45651"}],"wp:attachment":[{"href":"https:\/\/radiocresatelital.com\/index.php?rest_route=%2Fwp%2Fv2%2Fmedia&parent=45650"}],"wp:term":[{"taxonomy":"category","embeddable":true,"href":"https:\/\/radiocresatelital.com\/index.php?rest_route=%2Fwp%2Fv2%2Fcategories&post=45650"},{"taxonomy":"post_tag","embeddable":true,"href":"https:\/\/radiocresatelital.com\/index.php?rest_route=%2Fwp%2Fv2%2Ftags&post=45650"}],"curies":[{"name":"wp","href":"https:\/\/api.w.org\/{rel}","templated":true}]}}