{"id":45609,"date":"2026-01-15T23:10:08","date_gmt":"2026-01-15T23:10:08","guid":{"rendered":"https:\/\/radiocresatelital.com\/?p=45609"},"modified":"2026-01-15T23:10:08","modified_gmt":"2026-01-15T23:10:08","slug":"centros-municipales-de-cuidado-fortalecen-el-desarrollo-infantil-y-la-estabilidad-familiar","status":"publish","type":"post","link":"https:\/\/radiocresatelital.com\/?p=45609","title":{"rendered":"Centros municipales de cuidado fortalecen el desarrollo infantil y la estabilidad familiar"},"content":{"rendered":"<p>Guayaquil.- Para muchas familias de Guayaquil, acceder a un servicio de cuidado infantil no es solo una necesidad, sino una condici\u00f3n para poder trabajar. En respuesta a esta realidad, los centros municipales de cuidado infantil de la DASE EP se han convertido en un pilar de apoyo para 180 hogares, al ofrecer atenci\u00f3n integral a ni\u00f1os de 12 a 42 meses y generar un alivio directo en la econom\u00eda familiar.<\/p>\n<p>Durante esta administraci\u00f3n municipal se han abierto tres centros de cuidado infantil: Bah\u00eda (Ayacucho y Cacique \u00c1lvarez), Las Orqu\u00eddeas y Guasmo. Estos espacios atienden a hijos de madres trabajadoras que no cuentan con los recursos para cubrir los costos de un centro privado, lo que representa un ahorro aproximado de USD 200 mensuales.<\/p>\n<p>De lunes a viernes, entre las 07h30 y las 17h30 locales (12h30 y las 22h30 GMT), los centros brindan un servicio que va m\u00e1s all\u00e1 del cuidado diario. Los ni\u00f1os reciben cuatro ingestas alimenticias al d\u00eda, seguimiento permanente en salud y nutrici\u00f3n, y atenci\u00f3n psicol\u00f3gica, mientras que las familias acceden a acompa\u00f1amiento y orienGuayaqtaci\u00f3n especializada, sin costo alguno.<\/p>\n<p>El impacto de este servicio se refleja en la vida de Joselyn Valeriano, de 34 a\u00f1os, moradora de la cooperativa Centro C\u00edvico, en Guasmo Norte. Desde diciembre de 2025, su hijo asiste al Centro de Cuidado Infantil Guasmo, lo que le ha permitido desempe\u00f1arse con mayor tranquilidad en su trabajo como manicurista.<\/p>\n<p>\u201cAhora me puedo desenvolver mejor en el trabajo y eso me ha ayudado bastante, es un ahorro econ\u00f3mico, porque a veces uno trabaja solo para sustentar una persona o un centro pagado para que cuiden al ni\u00f1o, pero al estar aqu\u00ed me ha facilitado mucho en mi econom\u00eda porque no gasto\u201d, sostuvo.<\/p>\n<p>Una experiencia similar comparte Yaritza Yunga, de 31 a\u00f1os, residente de la ciudadela Valdivia, en el sur de la ciudad, quien trabaja junto a su madre en un cyber.<\/p>\n<p>\u201cDesde que lo tengo aqu\u00ed puedo trabajar con m\u00e1s tranquilidad, porque s\u00e9 que mi ni\u00f1o est\u00e1 bien cuidado, me ayuda bastante, tanto en lo econ\u00f3mico como en lo laboral\u201d, dijo.<\/p>\n<p>En el norte de Guayaquil, Bella Banch\u00f3n, moradora de Basti\u00f3n Popular, bloque 1, encontr\u00f3 en el Centro de Cuidado Infantil Las Orqu\u00eddeas una alternativa que transform\u00f3 su d\u00eda a d\u00eda. Madre soltera y dedicada al comercio informal, hoy observa mejoras en la salud y el desarrollo de su hija.<\/p>\n<p>\u201cCuando ten\u00eda a mi ni\u00f1a en el trabajo le afectaba el sol, por eso busqu\u00e9 este servicio, porque mi hija estaba expuesta a sol y a la calle, le sal\u00edan ronchas en la piel y por el\u00a0clima le daba gripe a cada rato, ahora ha subido de peso y ya no le da gripe, ha aprendido muchas cosas\u201d, asegur\u00f3 con alegr\u00eda.<\/p>\n<p>M\u00e1s all\u00e1 de su funci\u00f3n asistencial, los centros municipales de cuidado infantil cumplen un rol social estrat\u00e9gico: protegen a la ni\u00f1ez, fortalecen a las familias y facilitan que padres y madres puedan trabajar con mayor estabilidad. De esta manera, la Alcald\u00eda de Guayaquil consolida una pol\u00edtica p\u00fablica que apuesta por el bienestar, la inclusi\u00f3n y el desarrollo desde la primera infancia.<\/p>\n","protected":false},"excerpt":{"rendered":"<p>Guayaquil.- Para muchas familias de Guayaquil, acceder a un servicio de cuidado infantil no es solo una necesidad, sino una condici\u00f3n para poder trabajar. En respuesta a esta realidad, los centros municipales de cuidado infantil de la DASE EP se han convertido en un pilar de apoyo para 180 hogares, al ofrecer atenci\u00f3n integral a [&hellip;]<\/p>\n","protected":false},"author":2,"featured_media":45610,"comment_status":"open","ping_status":"closed","sticky":false,"template":"","format":"standard","meta":{"_jetpack_memberships_contains_paid_content":false,"footnotes":""},"categories":[33,13],"tags":[7414],"class_list":["post-45609","post","type-post","status-publish","format-standard","has-post-thumbnail","hentry","category-guayaquil","category-noticias-nacionales","tag-centros-municipales-de-cuidado-infantil"],"jetpack_featured_media_url":"https:\/\/radiocresatelital.com\/wp-content\/uploads\/2026\/01\/WhatsApp-Image-2026-01-09-at-11.17.46-AM-1.jpeg","jetpack_sharing_enabled":true,"_links":{"self":[{"href":"https:\/\/radiocresatelital.com\/index.php?rest_route=\/wp\/v2\/posts\/45609","targetHints":{"allow":["GET"]}}],"collection":[{"href":"https:\/\/radiocresatelital.com\/index.php?rest_route=\/wp\/v2\/posts"}],"about":[{"href":"https:\/\/radiocresatelital.com\/index.php?rest_route=\/wp\/v2\/types\/post"}],"author":[{"embeddable":true,"href":"https:\/\/radiocresatelital.com\/index.php?rest_route=\/wp\/v2\/users\/2"}],"replies":[{"embeddable":true,"href":"https:\/\/radiocresatelital.com\/index.php?rest_route=%2Fwp%2Fv2%2Fcomments&post=45609"}],"version-history":[{"count":1,"href":"https:\/\/radiocresatelital.com\/index.php?rest_route=\/wp\/v2\/posts\/45609\/revisions"}],"predecessor-version":[{"id":45611,"href":"https:\/\/radiocresatelital.com\/index.php?rest_route=\/wp\/v2\/posts\/45609\/revisions\/45611"}],"wp:featuredmedia":[{"embeddable":true,"href":"https:\/\/radiocresatelital.com\/index.php?rest_route=\/wp\/v2\/media\/45610"}],"wp:attachment":[{"href":"https:\/\/radiocresatelital.com\/index.php?rest_route=%2Fwp%2Fv2%2Fmedia&parent=45609"}],"wp:term":[{"taxonomy":"category","embeddable":true,"href":"https:\/\/radiocresatelital.com\/index.php?rest_route=%2Fwp%2Fv2%2Fcategories&post=45609"},{"taxonomy":"post_tag","embeddable":true,"href":"https:\/\/radiocresatelital.com\/index.php?rest_route=%2Fwp%2Fv2%2Ftags&post=45609"}],"curies":[{"name":"wp","href":"https:\/\/api.w.org\/{rel}","templated":true}]}}