{"id":45606,"date":"2026-01-15T23:04:33","date_gmt":"2026-01-15T23:04:33","guid":{"rendered":"https:\/\/radiocresatelital.com\/?p=45606"},"modified":"2026-01-15T23:04:33","modified_gmt":"2026-01-15T23:04:33","slug":"gobernacion-de-el-oro-activa-mesa-de-justicia-para-optimizar-operativos-y-seguridad-ciudadana","status":"publish","type":"post","link":"https:\/\/radiocresatelital.com\/?p=45606","title":{"rendered":"Gobernaci\u00f3n de El Oro activa Mesa de Justicia para optimizar operativos y seguridad ciudadana"},"content":{"rendered":"<p>Machala.- En cumplimiento de los compromisos adquiridos en el Consejo Provincial de Seguridad, el Gobernador Jaime Serpa lider\u00f3 la activaci\u00f3n de la Mesa de Justicia. Este espacio de articulaci\u00f3n interinstitucional re\u00fane a la Polic\u00eda Nacional, Fuerzas Armadas, Fiscal\u00eda Provincial y el Consejo de la Judicatura para fortalecer el orden p\u00fablico bajo el actual estado de excepci\u00f3n.<\/p>\n<p>El gobernador Serpa subray\u00f3 que la unidad estatal es la clave para enfrentar la criminalidad: \u201cEs fundamental articular esfuerzos para actuar con firmeza y estricto cumplimiento de la ley\u201d, afirm\u00f3.<br \/>\nAcuerdos principales:<\/p>\n<p>\u2022 Eficiencia judicial: Establecer reuniones peri\u00f3dicas entre Fiscal\u00eda y Polic\u00eda para resolver nudos cr\u00edticos en procesos legales.<\/p>\n<p>\u2022 Control nocturno: Intensificar operativos en locales de atenci\u00f3n nocturna y exhortar a los municipios a supervisar establecimientos tur\u00edsticos.<\/p>\n<p>\u2022 Optimizaci\u00f3n de recursos: Se analiz\u00f3 la situaci\u00f3n de 62 arrestos domiciliarios que actualmente ocupan a 186 uniformados. Se plantean medidas alternativas para reintegrar a estos efectivos a labores de patrullaje preventivo en las calles.<\/p>\n<p>La Mesa de Justicia mantendr\u00e1 sesiones permanentes para garantizar la presencia del Estado y el acceso a la justicia en toda la provincia.<\/p>\n","protected":false},"excerpt":{"rendered":"<p>Machala.- En cumplimiento de los compromisos adquiridos en el Consejo Provincial de Seguridad, el Gobernador Jaime Serpa lider\u00f3 la activaci\u00f3n de la Mesa de Justicia. Este espacio de articulaci\u00f3n interinstitucional re\u00fane a la Polic\u00eda Nacional, Fuerzas Armadas, Fiscal\u00eda Provincial y el Consejo de la Judicatura para fortalecer el orden p\u00fablico bajo el actual estado de [&hellip;]<\/p>\n","protected":false},"author":2,"featured_media":45607,"comment_status":"open","ping_status":"closed","sticky":false,"template":"","format":"standard","meta":{"_jetpack_memberships_contains_paid_content":false,"footnotes":""},"categories":[13],"tags":[7412,7413],"class_list":["post-45606","post","type-post","status-publish","format-standard","has-post-thumbnail","hentry","category-noticias-nacionales","tag-consejo-provincial-de-seguridad","tag-gobernador-jaime-serpa"],"jetpack_featured_media_url":"https:\/\/radiocresatelital.com\/wp-content\/uploads\/2026\/01\/WhatsApp-Image-2026-01-15-at-18.02.19.jpeg","jetpack_sharing_enabled":true,"_links":{"self":[{"href":"https:\/\/radiocresatelital.com\/index.php?rest_route=\/wp\/v2\/posts\/45606","targetHints":{"allow":["GET"]}}],"collection":[{"href":"https:\/\/radiocresatelital.com\/index.php?rest_route=\/wp\/v2\/posts"}],"about":[{"href":"https:\/\/radiocresatelital.com\/index.php?rest_route=\/wp\/v2\/types\/post"}],"author":[{"embeddable":true,"href":"https:\/\/radiocresatelital.com\/index.php?rest_route=\/wp\/v2\/users\/2"}],"replies":[{"embeddable":true,"href":"https:\/\/radiocresatelital.com\/index.php?rest_route=%2Fwp%2Fv2%2Fcomments&post=45606"}],"version-history":[{"count":1,"href":"https:\/\/radiocresatelital.com\/index.php?rest_route=\/wp\/v2\/posts\/45606\/revisions"}],"predecessor-version":[{"id":45608,"href":"https:\/\/radiocresatelital.com\/index.php?rest_route=\/wp\/v2\/posts\/45606\/revisions\/45608"}],"wp:featuredmedia":[{"embeddable":true,"href":"https:\/\/radiocresatelital.com\/index.php?rest_route=\/wp\/v2\/media\/45607"}],"wp:attachment":[{"href":"https:\/\/radiocresatelital.com\/index.php?rest_route=%2Fwp%2Fv2%2Fmedia&parent=45606"}],"wp:term":[{"taxonomy":"category","embeddable":true,"href":"https:\/\/radiocresatelital.com\/index.php?rest_route=%2Fwp%2Fv2%2Fcategories&post=45606"},{"taxonomy":"post_tag","embeddable":true,"href":"https:\/\/radiocresatelital.com\/index.php?rest_route=%2Fwp%2Fv2%2Ftags&post=45606"}],"curies":[{"name":"wp","href":"https:\/\/api.w.org\/{rel}","templated":true}]}}