{"id":45598,"date":"2026-01-15T21:41:24","date_gmt":"2026-01-15T21:41:24","guid":{"rendered":"https:\/\/radiocresatelital.com\/?p=45598"},"modified":"2026-01-15T21:48:00","modified_gmt":"2026-01-15T21:48:00","slug":"gobierno-nacional-respalda-acuerdos-que-beneficia-a-los-trabajadores-de-emelnorte","status":"publish","type":"post","link":"https:\/\/radiocresatelital.com\/?p=45598","title":{"rendered":"Gobierno Nacional respalda acuerdos que beneficia a los trabajadores de EMELNORTE"},"content":{"rendered":"<p>Quito.- El Gobierno Nacional demuestra que Ecuador avanza cuando las instituciones y sus colaboradores trabajan juntos. Tras un proceso de di\u00e1logo y negociaci\u00f3n responsable, 310 trabajadores y sus familias se benefician con la suscripci\u00f3n del Acta Transaccional de la Empresa El\u00e9ctrica Regional Norte S.A.<\/p>\n<p>(EMELNORTE), documento que se\u00f1ala mejores condiciones laborales en pensi\u00f3n mensual por jubilaci\u00f3n patronal; sistema de remuneraciones e incremento salarial; pago por subrogaci\u00f3n o encargo; entre otros.<\/p>\n<p>Durante el evento, el presidente ejecutivo de EMELNORTE, Germ\u00e1nico Gordillo, agradeci\u00f3 el acompa\u00f1amiento del Ministerio del Trabajo, destacando su apoyo para alcanzar acuerdos que hoy se concretan mediante la firma de este instrumento legal, en favor de los trabajadores de la empresa el\u00e9ctrica.<\/p>\n<p>Por su parte, Esteban Ipiales, representante del Comit\u00e9 de Trabajadores, resalt\u00f3 la importancia del di\u00e1logo como herramienta fundamental para llegar a consensos, y se\u00f1al\u00f3 que EMELNORTE mantiene los mejores \u00edndices del sector gracias a la responsabilidad y compromiso de su personal.<\/p>\n<p>El Ministro del Trabajo, Harold Burbano destac\u00f3 que esta Acta Transaccional constituye un ejemplo de que los ecuatorianos reconocen el di\u00e1logo como la mejor v\u00eda para resolver diferencias y construir acuerdos, fortaleciendo las relaciones laborales y la paz social.<\/p>\n<p>Con la firma de este acuerdo, reafirmamos el compromiso con el bienestar de los trabajadores, el respeto a los procesos legales y la construcci\u00f3n de soluciones consensuadas, en un marco de transparencia, responsabilidad social y fortalecimiento institucional.<\/p>\n","protected":false},"excerpt":{"rendered":"<p>Quito.- El Gobierno Nacional demuestra que Ecuador avanza cuando las instituciones y sus colaboradores trabajan juntos. Tras un proceso de di\u00e1logo y negociaci\u00f3n responsable, 310 trabajadores y sus familias se benefician con la suscripci\u00f3n del Acta Transaccional de la Empresa El\u00e9ctrica Regional Norte S.A. (EMELNORTE), documento que se\u00f1ala mejores condiciones laborales en pensi\u00f3n mensual por [&hellip;]<\/p>\n","protected":false},"author":2,"featured_media":45602,"comment_status":"open","ping_status":"closed","sticky":false,"template":"","format":"standard","meta":{"_jetpack_memberships_contains_paid_content":false,"footnotes":""},"categories":[13],"tags":[6123],"class_list":["post-45598","post","type-post","status-publish","format-standard","has-post-thumbnail","hentry","category-noticias-nacionales","tag-empresa-electrica-regional-norte-s-a"],"jetpack_featured_media_url":"https:\/\/radiocresatelital.com\/wp-content\/uploads\/2026\/01\/Nuevo-Servicio-01.png.jpeg","jetpack_sharing_enabled":true,"_links":{"self":[{"href":"https:\/\/radiocresatelital.com\/index.php?rest_route=\/wp\/v2\/posts\/45598","targetHints":{"allow":["GET"]}}],"collection":[{"href":"https:\/\/radiocresatelital.com\/index.php?rest_route=\/wp\/v2\/posts"}],"about":[{"href":"https:\/\/radiocresatelital.com\/index.php?rest_route=\/wp\/v2\/types\/post"}],"author":[{"embeddable":true,"href":"https:\/\/radiocresatelital.com\/index.php?rest_route=\/wp\/v2\/users\/2"}],"replies":[{"embeddable":true,"href":"https:\/\/radiocresatelital.com\/index.php?rest_route=%2Fwp%2Fv2%2Fcomments&post=45598"}],"version-history":[{"count":1,"href":"https:\/\/radiocresatelital.com\/index.php?rest_route=\/wp\/v2\/posts\/45598\/revisions"}],"predecessor-version":[{"id":45600,"href":"https:\/\/radiocresatelital.com\/index.php?rest_route=\/wp\/v2\/posts\/45598\/revisions\/45600"}],"wp:featuredmedia":[{"embeddable":true,"href":"https:\/\/radiocresatelital.com\/index.php?rest_route=\/wp\/v2\/media\/45602"}],"wp:attachment":[{"href":"https:\/\/radiocresatelital.com\/index.php?rest_route=%2Fwp%2Fv2%2Fmedia&parent=45598"}],"wp:term":[{"taxonomy":"category","embeddable":true,"href":"https:\/\/radiocresatelital.com\/index.php?rest_route=%2Fwp%2Fv2%2Fcategories&post=45598"},{"taxonomy":"post_tag","embeddable":true,"href":"https:\/\/radiocresatelital.com\/index.php?rest_route=%2Fwp%2Fv2%2Ftags&post=45598"}],"curies":[{"name":"wp","href":"https:\/\/api.w.org\/{rel}","templated":true}]}}