{"id":45449,"date":"2026-01-14T18:28:46","date_gmt":"2026-01-14T18:28:46","guid":{"rendered":"https:\/\/radiocresatelital.com\/?p=45449"},"modified":"2026-01-14T18:28:46","modified_gmt":"2026-01-14T18:28:46","slug":"gobierno-del-presidente-daniel-noboa-integra-a-5-313-profesionales-de-la-salud-para-fortalecer-la-atencion-en-todo-el-pais","status":"publish","type":"post","link":"https:\/\/radiocresatelital.com\/?p=45449","title":{"rendered":"Gobierno del Presidente Daniel Noboa integra a 5.313 profesionales de la salud para fortalecer la atenci\u00f3n en todo el pa\u00eds"},"content":{"rendered":"<p>Quito.-\u00a0El Ministerio de Salud P\u00fablica (MSP) anuncia la incorporaci\u00f3n de 5.313 profesionales de la salud, quienes entre enero y diciembre de 2026 cumplir\u00e1n su A\u00f1o de Salud Rural de Servicio Social.<\/p>\n<p>Esta estrategia nacional, liderada por la Vicepresidenta de la Rep\u00fablica Mar\u00eda Jos\u00e9 Pinto, tiene como objetivo primordial garantizar el acceso a un servicio de salud integral, oportuno y de calidad en las zonas rurales y urbano-marginales del Ecuador.<\/p>\n<p>El contingente humano, que escogi\u00f3 sus plazas (centros de salud) mediante un proceso de convocatoria p\u00fablica y transparente, est\u00e1 conformado por:<\/p>\n<ul>\n<li>2.601 m\u00e9dicos.<\/li>\n<li>1.631 profesionales de enfermer\u00eda.<\/li>\n<li>880 odont\u00f3logos.<\/li>\n<li>201 obstetras.<\/li>\n<\/ul>\n<p>El ejercicio del a\u00f1o rural es un requisito fundamental establecido en el art\u00edculo 197 de la Ley Org\u00e1nica de Salud. La pr\u00e1ctica en parroquias rurales o urbano-marginales es indispensable para la habilitaci\u00f3n profesional y el registro correspondiente del t\u00edtulo acad\u00e9mico ante la Autoridad Sanitaria Nacional.<\/p>\n<p>En este periodo, los profesionales recibir\u00e1n la remuneraci\u00f3n correspondiente, integr\u00e1ndose plenamente al modelo de atenci\u00f3n primaria de salud vigente en el pa\u00eds.<\/p>\n<p>Durante su gesti\u00f3n, los equipos se enfocar\u00e1n en:<\/p>\n<ul>\n<li>Ejecuci\u00f3n de brigadas y campa\u00f1as de vacunaci\u00f3n.<\/li>\n<li>Acciones directas en la lucha contra la desnutrici\u00f3n cr\u00f3nica infantil.<\/li>\n<li>Estrategias para la reducci\u00f3n de la mortalidad materna.<\/li>\n<li>Promoci\u00f3n de h\u00e1bitos de vida saludables y prevenci\u00f3n de enfermedades.<\/li>\n<\/ul>\n<p>La medicina rural es sin\u00f3nimo de salud, justicia y dignidad para las comunidades m\u00e1s vulnerables.<\/p>\n","protected":false},"excerpt":{"rendered":"<p>Quito.-\u00a0El Ministerio de Salud P\u00fablica (MSP) anuncia la incorporaci\u00f3n de 5.313 profesionales de la salud, quienes entre enero y diciembre de 2026 cumplir\u00e1n su A\u00f1o de Salud Rural de Servicio Social. Esta estrategia nacional, liderada por la Vicepresidenta de la Rep\u00fablica Mar\u00eda Jos\u00e9 Pinto, tiene como objetivo primordial garantizar el acceso a un servicio de [&hellip;]<\/p>\n","protected":false},"author":2,"featured_media":45450,"comment_status":"open","ping_status":"closed","sticky":false,"template":"","format":"standard","meta":{"_jetpack_memberships_contains_paid_content":false,"footnotes":""},"categories":[13],"tags":[148,7379],"class_list":["post-45449","post","type-post","status-publish","format-standard","has-post-thumbnail","hentry","category-noticias-nacionales","tag-ministerio-de-salud-publica","tag-salud-rural-de-servicio-social"],"jetpack_featured_media_url":"https:\/\/radiocresatelital.com\/wp-content\/uploads\/2026\/01\/WhatsApp-Image-2026-01-14-at-08.39.08.jpeg","jetpack_sharing_enabled":true,"_links":{"self":[{"href":"https:\/\/radiocresatelital.com\/index.php?rest_route=\/wp\/v2\/posts\/45449","targetHints":{"allow":["GET"]}}],"collection":[{"href":"https:\/\/radiocresatelital.com\/index.php?rest_route=\/wp\/v2\/posts"}],"about":[{"href":"https:\/\/radiocresatelital.com\/index.php?rest_route=\/wp\/v2\/types\/post"}],"author":[{"embeddable":true,"href":"https:\/\/radiocresatelital.com\/index.php?rest_route=\/wp\/v2\/users\/2"}],"replies":[{"embeddable":true,"href":"https:\/\/radiocresatelital.com\/index.php?rest_route=%2Fwp%2Fv2%2Fcomments&post=45449"}],"version-history":[{"count":1,"href":"https:\/\/radiocresatelital.com\/index.php?rest_route=\/wp\/v2\/posts\/45449\/revisions"}],"predecessor-version":[{"id":45451,"href":"https:\/\/radiocresatelital.com\/index.php?rest_route=\/wp\/v2\/posts\/45449\/revisions\/45451"}],"wp:featuredmedia":[{"embeddable":true,"href":"https:\/\/radiocresatelital.com\/index.php?rest_route=\/wp\/v2\/media\/45450"}],"wp:attachment":[{"href":"https:\/\/radiocresatelital.com\/index.php?rest_route=%2Fwp%2Fv2%2Fmedia&parent=45449"}],"wp:term":[{"taxonomy":"category","embeddable":true,"href":"https:\/\/radiocresatelital.com\/index.php?rest_route=%2Fwp%2Fv2%2Fcategories&post=45449"},{"taxonomy":"post_tag","embeddable":true,"href":"https:\/\/radiocresatelital.com\/index.php?rest_route=%2Fwp%2Fv2%2Ftags&post=45449"}],"curies":[{"name":"wp","href":"https:\/\/api.w.org\/{rel}","templated":true}]}}