{"id":45409,"date":"2026-01-13T21:27:22","date_gmt":"2026-01-13T21:27:22","guid":{"rendered":"https:\/\/radiocresatelital.com\/?p=45409"},"modified":"2026-01-13T21:29:02","modified_gmt":"2026-01-13T21:29:02","slug":"un-total-de-38-dispositivos-de-videovigilancia-irregulares-fueron-detectados-al-sur-de-quito","status":"publish","type":"post","link":"https:\/\/radiocresatelital.com\/?p=45409","title":{"rendered":"Un total de 38 dispositivos de videovigilancia irregulares fueron detectados al sur de Quito"},"content":{"rendered":"<p>Quito.- Este martes 13 de enero de 2026, el Director General del Servicio Integrado de Seguridad ECU 911, Dr. Juan Carlos Paladines, junto a equipos t\u00e9cnicos y t\u00e1cticos de Polic\u00eda Nacional, Intendencia de Pichincha y las Fuerzas Armadas concurrieron a distintos puntos, al sur de la capital, para verificar c\u00e1maras de videovigilancia no regularizadas.<\/p>\n<p>Las autoridades constataron la existencia de dispositivos \u00a0de monitoreo instalados en espacios p\u00fablicos, sectores residenciales, parques y zonas comerciales de Guaman\u00ed, Turubamba, Martha Bucaram, Gir\u00f3n, Buenaventura y Las Cuadras, que no contaban con las autorizaciones pertinentes para su funcionamiento.<\/p>\n<p>El ECU 911, como ente rector de la interoperabilidad en el pa\u00eds, junto con las unidades operativas confirmaron el retiro de 38 dispositivos que, en caso de que alguna persona reclame su pertenencia, tendr\u00e1 un plazo de 30 d\u00edas para acercarse al ECU 911 y justificarla, conforme la normativa legal vigente.<\/p>\n<p>El titular del ECU 911 record\u00f3 que este operativo es parte de las acciones y estrategias nacionales del Bloque de Seguridad para prevenir riesgos y posibles delitos. De esta forma se aporta en el resguardo de los derechos, la privacidad y la seguridad jur\u00eddica de la ciudadan\u00eda frente a un posible uso indebido de im\u00e1genes en el espacio p\u00fablico.<\/p>\n<p>Con este operativo, que al inicio del 2026 se desarrolla en Quito, el ECU 911 da cumplimiento al Decreto Ejecutivo <strong>\u2116 <\/strong>214, que regula la instalaci\u00f3n, uso y autorizaci\u00f3n de sistemas de videovigilancia en espacios p\u00fablicos, con el prop\u00f3sito de fortalecer la seguridad ciudadana.<\/p>\n<p>Se exhorta a la ciudadan\u00eda a reportar, a trav\u00e9s de la l\u00ednea \u00fanica para emergencias 9-1-1, o mediante los canales webs oficiales, cualquier informaci\u00f3n relacionada con la existencia de dispositivos de monitoreo instalados de forma irregular en la ciudad.<\/p>\n","protected":false},"excerpt":{"rendered":"<p>Quito.- Este martes 13 de enero de 2026, el Director General del Servicio Integrado de Seguridad ECU 911, Dr. Juan Carlos Paladines, junto a equipos t\u00e9cnicos y t\u00e1cticos de Polic\u00eda Nacional, Intendencia de Pichincha y las Fuerzas Armadas concurrieron a distintos puntos, al sur de la capital, para verificar c\u00e1maras de videovigilancia no regularizadas. Las [&hellip;]<\/p>\n","protected":false},"author":2,"featured_media":45413,"comment_status":"open","ping_status":"closed","sticky":false,"template":"","format":"standard","meta":{"_jetpack_memberships_contains_paid_content":false,"footnotes":""},"categories":[13],"tags":[4907,7371],"class_list":["post-45409","post","type-post","status-publish","format-standard","has-post-thumbnail","hentry","category-noticias-nacionales","tag-director-general-del-servicio-integrado-de-seguridad-ecu-911","tag-dr-juan-carlos-paladines"],"jetpack_featured_media_url":"https:\/\/radiocresatelital.com\/wp-content\/uploads\/2026\/01\/WhatsApp-Image-2026-01-13-at-16.21.35.jpeg","jetpack_sharing_enabled":true,"_links":{"self":[{"href":"https:\/\/radiocresatelital.com\/index.php?rest_route=\/wp\/v2\/posts\/45409","targetHints":{"allow":["GET"]}}],"collection":[{"href":"https:\/\/radiocresatelital.com\/index.php?rest_route=\/wp\/v2\/posts"}],"about":[{"href":"https:\/\/radiocresatelital.com\/index.php?rest_route=\/wp\/v2\/types\/post"}],"author":[{"embeddable":true,"href":"https:\/\/radiocresatelital.com\/index.php?rest_route=\/wp\/v2\/users\/2"}],"replies":[{"embeddable":true,"href":"https:\/\/radiocresatelital.com\/index.php?rest_route=%2Fwp%2Fv2%2Fcomments&post=45409"}],"version-history":[{"count":1,"href":"https:\/\/radiocresatelital.com\/index.php?rest_route=\/wp\/v2\/posts\/45409\/revisions"}],"predecessor-version":[{"id":45411,"href":"https:\/\/radiocresatelital.com\/index.php?rest_route=\/wp\/v2\/posts\/45409\/revisions\/45411"}],"wp:featuredmedia":[{"embeddable":true,"href":"https:\/\/radiocresatelital.com\/index.php?rest_route=\/wp\/v2\/media\/45413"}],"wp:attachment":[{"href":"https:\/\/radiocresatelital.com\/index.php?rest_route=%2Fwp%2Fv2%2Fmedia&parent=45409"}],"wp:term":[{"taxonomy":"category","embeddable":true,"href":"https:\/\/radiocresatelital.com\/index.php?rest_route=%2Fwp%2Fv2%2Fcategories&post=45409"},{"taxonomy":"post_tag","embeddable":true,"href":"https:\/\/radiocresatelital.com\/index.php?rest_route=%2Fwp%2Fv2%2Ftags&post=45409"}],"curies":[{"name":"wp","href":"https:\/\/api.w.org\/{rel}","templated":true}]}}