{"id":45406,"date":"2026-01-13T21:24:35","date_gmt":"2026-01-13T21:24:35","guid":{"rendered":"https:\/\/radiocresatelital.com\/?p=45406"},"modified":"2026-01-13T21:24:35","modified_gmt":"2026-01-13T21:24:35","slug":"servicios-espacios-recuperados-y-atencion-directa-fortalecen-la-presencia-municipal-en-los-barrios","status":"publish","type":"post","link":"https:\/\/radiocresatelital.com\/?p=45406","title":{"rendered":"Servicios, espacios recuperados y atenci\u00f3n directa fortalecen la presencia municipal en los barrios"},"content":{"rendered":"<p>Guayaquil.- La presencia del Municipio de Guayaquil en los barrios se consolida a trav\u00e9s de una pol\u00edtica de vinculaci\u00f3n con la comunidad que muestra resultados medibles, mayor alcance territorial y una respuesta directa a las necesidades ciudadanas.<\/p>\n<p>La estrategia prioriza la atenci\u00f3n en territorio, el contacto permanente con los vecinos y la articulaci\u00f3n de servicios municipales en cada sector.<\/p>\n<p>Este enfoque se refleja en el crecimiento sostenido de beneficiarios y en la ampliaci\u00f3n de acciones comunitarias en los tres distritos de la ciudad, con intervenciones que pasaron de ser puntuales a integrales.<\/p>\n<p>En 2023, las activaciones comunitarias alcanzaban a 45.642 beneficiarios estimados por sector. Hoy, la Alcald\u00eda dispone de un registro real y nominal de 363.045 beneficiarios directos, resultado del incremento de actividades, eventos y atenci\u00f3n personalizada, lo que permiti\u00f3 respuestas oportunas y alineadas a las demandas identificadas en cada barrio.<\/p>\n<p>Uno de los ejes m\u00e1s visibles de este avance es la recuperaci\u00f3n de espacios p\u00fablicos. Mientras que en 2023 las intervenciones se concentraban en acciones de embellecimiento en sectores vulnerables, beneficiando de forma estimada a 14.056 personas, actualmente la iniciativa \u201cRecuperaci\u00f3n de Espacios\u201d ejecuta renovaciones integrales que incorporan equipamiento, servicios y procesos de reactivaci\u00f3n comunitaria, alcanzando a 63.567 beneficiarios directos.<\/p>\n<p>Este cambio marc\u00f3 un salto cualitativo en la gesti\u00f3n territorial. De igual forma, el fortalecimiento de las Casas Comunales y Espacios Comunitarios ampli\u00f3 el acceso a talleres, cursos y capacitaciones. De 6.438 beneficiarios en 2023, se pas\u00f3 a 18.463 personas, quienes ahora cuentan con herramientas para impulsar actividades productivas y emprendimientos seguros, con acompa\u00f1amiento t\u00e9cnico y seguimiento de resultados.<\/p>\n<p>Por primera vez, programas como \u201cAquiles en la Comunidad\u201d extendieron su alcance territorial, duplicaron el n\u00famero de eventos y priorizaron sectores hist\u00f3ricamente no atendidos. La iniciativa registra 34.385 beneficiarios, producto de avanzadas y visitas t\u00e9cnicas que facilitan la llegada de servicios municipales directamente a cada sector.<\/p>\n<p>A estas acciones se suman m\u00e1s de 70 desfiles, ferias y eventos comunitarios desarrollados mediante autogesti\u00f3n y alianzas estrat\u00e9gicas, que beneficiaron a 107.193 personas con actividades culturales, recreativas y atenci\u00f3n municipal directa.<\/p>\n<p>Como complemento a esta pol\u00edtica social, la creaci\u00f3n del Banco de Alimentos permiti\u00f3 la entrega regular de desayunos y almuerzos a 12.217 personas en sectores vulnerables, hospitales y albergues. Asimismo, los Cines Comunitarios, implementados semanalmente en los tres distritos, llevaron cultura y entretenimiento seguro a 6.072 ciudadanos, fortaleciendo la convivencia y el tejido social en los barrios.<\/p>\n","protected":false},"excerpt":{"rendered":"<p>Guayaquil.- La presencia del Municipio de Guayaquil en los barrios se consolida a trav\u00e9s de una pol\u00edtica de vinculaci\u00f3n con la comunidad que muestra resultados medibles, mayor alcance territorial y una respuesta directa a las necesidades ciudadanas. La estrategia prioriza la atenci\u00f3n en territorio, el contacto permanente con los vecinos y la articulaci\u00f3n de servicios [&hellip;]<\/p>\n","protected":false},"author":2,"featured_media":45407,"comment_status":"open","ping_status":"closed","sticky":false,"template":"","format":"standard","meta":{"_jetpack_memberships_contains_paid_content":false,"footnotes":""},"categories":[33,13],"tags":[114],"class_list":["post-45406","post","type-post","status-publish","format-standard","has-post-thumbnail","hentry","category-guayaquil","category-noticias-nacionales","tag-municipio-de-guayaquil"],"jetpack_featured_media_url":"https:\/\/radiocresatelital.com\/wp-content\/uploads\/2026\/01\/5b0862dc-252d-4277-a1ec-b6b557a68a07.jpg","jetpack_sharing_enabled":true,"_links":{"self":[{"href":"https:\/\/radiocresatelital.com\/index.php?rest_route=\/wp\/v2\/posts\/45406","targetHints":{"allow":["GET"]}}],"collection":[{"href":"https:\/\/radiocresatelital.com\/index.php?rest_route=\/wp\/v2\/posts"}],"about":[{"href":"https:\/\/radiocresatelital.com\/index.php?rest_route=\/wp\/v2\/types\/post"}],"author":[{"embeddable":true,"href":"https:\/\/radiocresatelital.com\/index.php?rest_route=\/wp\/v2\/users\/2"}],"replies":[{"embeddable":true,"href":"https:\/\/radiocresatelital.com\/index.php?rest_route=%2Fwp%2Fv2%2Fcomments&post=45406"}],"version-history":[{"count":1,"href":"https:\/\/radiocresatelital.com\/index.php?rest_route=\/wp\/v2\/posts\/45406\/revisions"}],"predecessor-version":[{"id":45408,"href":"https:\/\/radiocresatelital.com\/index.php?rest_route=\/wp\/v2\/posts\/45406\/revisions\/45408"}],"wp:featuredmedia":[{"embeddable":true,"href":"https:\/\/radiocresatelital.com\/index.php?rest_route=\/wp\/v2\/media\/45407"}],"wp:attachment":[{"href":"https:\/\/radiocresatelital.com\/index.php?rest_route=%2Fwp%2Fv2%2Fmedia&parent=45406"}],"wp:term":[{"taxonomy":"category","embeddable":true,"href":"https:\/\/radiocresatelital.com\/index.php?rest_route=%2Fwp%2Fv2%2Fcategories&post=45406"},{"taxonomy":"post_tag","embeddable":true,"href":"https:\/\/radiocresatelital.com\/index.php?rest_route=%2Fwp%2Fv2%2Ftags&post=45406"}],"curies":[{"name":"wp","href":"https:\/\/api.w.org\/{rel}","templated":true}]}}