{"id":45343,"date":"2026-01-13T18:13:40","date_gmt":"2026-01-13T18:13:40","guid":{"rendered":"https:\/\/radiocresatelital.com\/?p=45343"},"modified":"2026-01-13T18:13:40","modified_gmt":"2026-01-13T18:13:40","slug":"orense-presento-a-su-nuevo-director-deportivo","status":"publish","type":"post","link":"https:\/\/radiocresatelital.com\/?p=45343","title":{"rendered":"Orense present\u00f3 a su nuevo Director Deportivo"},"content":{"rendered":"<p>Machala.- Orense Sporting Club hizo oficial la implementaci\u00f3n del cargo de Director Deportivo dentro de la instituci\u00f3n. Facundo Arg\u00fcello, ser\u00e1 quien lleve este responsabilidad. Durante la temporada anterior, el profesional argentino se desempe\u00f1\u00f3 como Director de Formativas. Su presentaci\u00f3n oficial se realiz\u00f3 el pasado lunes 12 de enero a trav\u00e9s de las redes sociales del club.<\/p>\n<p>Arg\u00fcello asume esta nueva responsabilidad tras un destacado desempe\u00f1o al frente de las divisiones formativas en la temporada 2025, donde las categor\u00edas Sub-13, Sub-15 y Sub-17 lograron clasificar a las semifinales, mientras que la Sub-13 obtuvo el vicecampeonato nacional, alcanzando la final del Campeonato Nacional de Formativas por segundo a\u00f1o consecutivo.<\/p>\n<p>Dentro de sus funciones, Facundo estar\u00e1 a cargo de toda el \u00e1rea de f\u00fatbol de Orense Sporting Club, abarcando desde las academias hasta el primer plantel. Adem\u00e1s, cumplir\u00e1 un rol clave en la planificaci\u00f3n y manejo de los refuerzos junto a la directiva, con el objetivo de optimizar el uso de los recursos destinados a fichajes y al desarrollo deportivo. Asimismo, ser\u00e1 una pieza fundamental para fortalecer la conexi\u00f3n directa entre las categor\u00edas formativas y el primer equipo.<\/p>\n<p>El nuevo Director Deportivo se mostr\u00f3 contento tras asumir el cargo y manifest\u00f3 su convencimiento de que esta temporada ser\u00e1 muy positiva para la provincia. Adem\u00e1s, confirm\u00f3 que ya se encuentra trabajando en las incorporaciones que se anunciar\u00e1n en los pr\u00f3ximos d\u00edas.<\/p>\n","protected":false},"excerpt":{"rendered":"<p>Machala.- Orense Sporting Club hizo oficial la implementaci\u00f3n del cargo de Director Deportivo dentro de la instituci\u00f3n. Facundo Arg\u00fcello, ser\u00e1 quien lleve este responsabilidad. Durante la temporada anterior, el profesional argentino se desempe\u00f1\u00f3 como Director de Formativas. Su presentaci\u00f3n oficial se realiz\u00f3 el pasado lunes 12 de enero a trav\u00e9s de las redes sociales del [&hellip;]<\/p>\n","protected":false},"author":2,"featured_media":45344,"comment_status":"open","ping_status":"closed","sticky":false,"template":"","format":"standard","meta":{"_jetpack_memberships_contains_paid_content":false,"footnotes":""},"categories":[626],"tags":[5250],"class_list":["post-45343","post","type-post","status-publish","format-standard","has-post-thumbnail","hentry","category-futbol-nacional","tag-orense-sporting-club"],"jetpack_featured_media_url":"https:\/\/radiocresatelital.com\/wp-content\/uploads\/2026\/01\/WhatsApp-Image-2026-01-13-at-08.12.52.jpeg","jetpack_sharing_enabled":true,"_links":{"self":[{"href":"https:\/\/radiocresatelital.com\/index.php?rest_route=\/wp\/v2\/posts\/45343","targetHints":{"allow":["GET"]}}],"collection":[{"href":"https:\/\/radiocresatelital.com\/index.php?rest_route=\/wp\/v2\/posts"}],"about":[{"href":"https:\/\/radiocresatelital.com\/index.php?rest_route=\/wp\/v2\/types\/post"}],"author":[{"embeddable":true,"href":"https:\/\/radiocresatelital.com\/index.php?rest_route=\/wp\/v2\/users\/2"}],"replies":[{"embeddable":true,"href":"https:\/\/radiocresatelital.com\/index.php?rest_route=%2Fwp%2Fv2%2Fcomments&post=45343"}],"version-history":[{"count":1,"href":"https:\/\/radiocresatelital.com\/index.php?rest_route=\/wp\/v2\/posts\/45343\/revisions"}],"predecessor-version":[{"id":45345,"href":"https:\/\/radiocresatelital.com\/index.php?rest_route=\/wp\/v2\/posts\/45343\/revisions\/45345"}],"wp:featuredmedia":[{"embeddable":true,"href":"https:\/\/radiocresatelital.com\/index.php?rest_route=\/wp\/v2\/media\/45344"}],"wp:attachment":[{"href":"https:\/\/radiocresatelital.com\/index.php?rest_route=%2Fwp%2Fv2%2Fmedia&parent=45343"}],"wp:term":[{"taxonomy":"category","embeddable":true,"href":"https:\/\/radiocresatelital.com\/index.php?rest_route=%2Fwp%2Fv2%2Fcategories&post=45343"},{"taxonomy":"post_tag","embeddable":true,"href":"https:\/\/radiocresatelital.com\/index.php?rest_route=%2Fwp%2Fv2%2Ftags&post=45343"}],"curies":[{"name":"wp","href":"https:\/\/api.w.org\/{rel}","templated":true}]}}