{"id":45144,"date":"2026-01-09T16:54:24","date_gmt":"2026-01-09T16:54:24","guid":{"rendered":"https:\/\/radiocresatelital.com\/?p=45144"},"modified":"2026-01-09T16:54:24","modified_gmt":"2026-01-09T16:54:24","slug":"cuestionamientos-a-mario-godoy-alcanzan-a-jose-suing-y-ponen-en-riesgo-su-cargo-como-presidente-de-la-corte","status":"publish","type":"post","link":"https:\/\/radiocresatelital.com\/?p=45144","title":{"rendered":"Cuestionamientos a Mario Godoy, alcanzan a Jos\u00e9 Suing y ponen en riesgo su cargo como presidente de la Corte"},"content":{"rendered":"<p>Quito.- El Pleno de la Corte Nacional de Justicia ha hecho una convocatoria para analizar la continuidad del encargo de la presidencia de este organismo a Jos\u00e9 Suing, debido a la incomodidad de algunos jueces ante la situaci\u00f3n del titular del Consejo de la Judicatura, Mario Godoy. Por su parte, Suing convoc\u00f3 a sesi\u00f3n extraordinaria para el lunes 12 de enero, a partir de las 16h30.<\/p>\n<p>Como contraparte, la presidenta subrogante, Dra. Enma Tapia, cuestion\u00f3 la convocatoria de Suing.\u00a0\u00abPed\u00ed personalmente como presidenta subrogante, (al presidente encargado Jos\u00e9 Suing), \u00bfcu\u00e1ndo consult\u00f3 al Pleno si tiene el respaldo? para \u00e9l poder se\u00f1alar si es que tiene el respaldo del Pleno tiene que consultarnos, que es lo que estamos pidiendo. \u00bfTiene su respaldo? No.\u00bb dice Enma Tapia, presidenta de la Corte Nacional de Justicia (s).<\/p>\n<p>&nbsp;<\/p>\n<p><img decoding=\"async\" src=\"https:\/\/pbs.twimg.com\/media\/G-LD1vfWkAAD-Ig?format=jpg&amp;name=large\" alt=\"Imagen\" \/><\/p>\n<p><img decoding=\"async\" src=\"https:\/\/pbs.twimg.com\/media\/G-LD1vhWoAAHfTw?format=jpg&amp;name=large\" alt=\"Imagen\" \/><\/p>\n","protected":false},"excerpt":{"rendered":"<p>Quito.- El Pleno de la Corte Nacional de Justicia ha hecho una convocatoria para analizar la continuidad del encargo de la presidencia de este organismo a Jos\u00e9 Suing, debido a la incomodidad de algunos jueces ante la situaci\u00f3n del titular del Consejo de la Judicatura, Mario Godoy. Por su parte, Suing convoc\u00f3 a sesi\u00f3n extraordinaria [&hellip;]<\/p>\n","protected":false},"author":3,"featured_media":45145,"comment_status":"open","ping_status":"closed","sticky":false,"template":"","format":"standard","meta":{"_jetpack_memberships_contains_paid_content":false,"footnotes":""},"categories":[13],"tags":[7303,7254],"class_list":["post-45144","post","type-post","status-publish","format-standard","has-post-thumbnail","hentry","category-noticias-nacionales","tag-josesuing","tag-mariogodoy"],"jetpack_featured_media_url":"https:\/\/radiocresatelital.com\/wp-content\/uploads\/2026\/01\/jose-suing.jpg","jetpack_sharing_enabled":true,"_links":{"self":[{"href":"https:\/\/radiocresatelital.com\/index.php?rest_route=\/wp\/v2\/posts\/45144","targetHints":{"allow":["GET"]}}],"collection":[{"href":"https:\/\/radiocresatelital.com\/index.php?rest_route=\/wp\/v2\/posts"}],"about":[{"href":"https:\/\/radiocresatelital.com\/index.php?rest_route=\/wp\/v2\/types\/post"}],"author":[{"embeddable":true,"href":"https:\/\/radiocresatelital.com\/index.php?rest_route=\/wp\/v2\/users\/3"}],"replies":[{"embeddable":true,"href":"https:\/\/radiocresatelital.com\/index.php?rest_route=%2Fwp%2Fv2%2Fcomments&post=45144"}],"version-history":[{"count":1,"href":"https:\/\/radiocresatelital.com\/index.php?rest_route=\/wp\/v2\/posts\/45144\/revisions"}],"predecessor-version":[{"id":45146,"href":"https:\/\/radiocresatelital.com\/index.php?rest_route=\/wp\/v2\/posts\/45144\/revisions\/45146"}],"wp:featuredmedia":[{"embeddable":true,"href":"https:\/\/radiocresatelital.com\/index.php?rest_route=\/wp\/v2\/media\/45145"}],"wp:attachment":[{"href":"https:\/\/radiocresatelital.com\/index.php?rest_route=%2Fwp%2Fv2%2Fmedia&parent=45144"}],"wp:term":[{"taxonomy":"category","embeddable":true,"href":"https:\/\/radiocresatelital.com\/index.php?rest_route=%2Fwp%2Fv2%2Fcategories&post=45144"},{"taxonomy":"post_tag","embeddable":true,"href":"https:\/\/radiocresatelital.com\/index.php?rest_route=%2Fwp%2Fv2%2Ftags&post=45144"}],"curies":[{"name":"wp","href":"https:\/\/api.w.org\/{rel}","templated":true}]}}