{"id":45141,"date":"2026-01-09T16:09:23","date_gmt":"2026-01-09T16:09:23","guid":{"rendered":"https:\/\/radiocresatelital.com\/?p=45141"},"modified":"2026-01-09T16:09:23","modified_gmt":"2026-01-09T16:09:23","slug":"estamos-articulando-los-esfuerzos-para-la-recaptura-del-negro-willy-que-esta-campante-en-espana-reimberg","status":"publish","type":"post","link":"https:\/\/radiocresatelital.com\/?p=45141","title":{"rendered":"Estamos articulando los esfuerzos para la recaptura del \u00abNegro Willy\u00bb que est\u00e1 campante en Espa\u00f1a, Reimberg"},"content":{"rendered":"<p>Guayaquil.- El Ministro del Interior, John Reimberg, en entrevista con un medio radial, dijo esta ma\u00f1ana que las autoridades ecuatorianas est\u00e1n\u00a0 articuladas y haciendo todos los esfuerzos para lograr la recaptura del \u00abNegro Willy\u00bb, l\u00edder de Los Tiguerones, que \u00abse encuentra campante en Espa\u00f1a\u00bb, en medio de una situaci\u00f3n poco clara sobre documentos solicitados por Espa\u00f1a y enviados por Ecuador, pero que, a juzgar por lo sucedido, no habr\u00edan sido suficientes para lograr mantener a tras las rejas a William Joffre Alc\u00edvar Bautista.<\/p>\n<p>Reimberg, dijo seguir en contacto con el gobierno espa\u00f1ol y con la funci\u00f3n judicial para que en una labor conjunta se\u00a0 lo pueda enviar de vuelta a Ecuador, tal como ocurri\u00f3 en el caso de alias \u00abel Gerente\u00bb .<\/p>\n<p>El ministro, resalt\u00f3 la peligrosidad de \u00abEl Negro Willy\u00bb,\u00a0 al explicar que apenas lo soltaron, empez\u00f3 a amenazar al Presidente Noboa y a \u00e9l, por insistir en su recaptura, lo cual quiere decir, que este peligroso cabecilla a\u00fan dirige una parte importante de los actos delictivos que se ejecutan en Ecuador.<\/p>\n<p>&nbsp;<\/p>\n<p>&nbsp;<\/p>\n<p>&nbsp;<\/p>\n","protected":false},"excerpt":{"rendered":"<p>Guayaquil.- El Ministro del Interior, John Reimberg, en entrevista con un medio radial, dijo esta ma\u00f1ana que las autoridades ecuatorianas est\u00e1n\u00a0 articuladas y haciendo todos los esfuerzos para lograr la recaptura del \u00abNegro Willy\u00bb, l\u00edder de Los Tiguerones, que \u00abse encuentra campante en Espa\u00f1a\u00bb, en medio de una situaci\u00f3n poco clara sobre documentos solicitados por [&hellip;]<\/p>\n","protected":false},"author":3,"featured_media":45142,"comment_status":"open","ping_status":"closed","sticky":false,"template":"","format":"standard","meta":{"_jetpack_memberships_contains_paid_content":false,"footnotes":""},"categories":[13],"tags":[7301,7302],"class_list":["post-45141","post","type-post","status-publish","format-standard","has-post-thumbnail","hentry","category-noticias-nacionales","tag-negrowilly","tag-reimberg"],"jetpack_featured_media_url":"https:\/\/radiocresatelital.com\/wp-content\/uploads\/2026\/01\/negro-willy.jpg","jetpack_sharing_enabled":true,"_links":{"self":[{"href":"https:\/\/radiocresatelital.com\/index.php?rest_route=\/wp\/v2\/posts\/45141","targetHints":{"allow":["GET"]}}],"collection":[{"href":"https:\/\/radiocresatelital.com\/index.php?rest_route=\/wp\/v2\/posts"}],"about":[{"href":"https:\/\/radiocresatelital.com\/index.php?rest_route=\/wp\/v2\/types\/post"}],"author":[{"embeddable":true,"href":"https:\/\/radiocresatelital.com\/index.php?rest_route=\/wp\/v2\/users\/3"}],"replies":[{"embeddable":true,"href":"https:\/\/radiocresatelital.com\/index.php?rest_route=%2Fwp%2Fv2%2Fcomments&post=45141"}],"version-history":[{"count":1,"href":"https:\/\/radiocresatelital.com\/index.php?rest_route=\/wp\/v2\/posts\/45141\/revisions"}],"predecessor-version":[{"id":45143,"href":"https:\/\/radiocresatelital.com\/index.php?rest_route=\/wp\/v2\/posts\/45141\/revisions\/45143"}],"wp:featuredmedia":[{"embeddable":true,"href":"https:\/\/radiocresatelital.com\/index.php?rest_route=\/wp\/v2\/media\/45142"}],"wp:attachment":[{"href":"https:\/\/radiocresatelital.com\/index.php?rest_route=%2Fwp%2Fv2%2Fmedia&parent=45141"}],"wp:term":[{"taxonomy":"category","embeddable":true,"href":"https:\/\/radiocresatelital.com\/index.php?rest_route=%2Fwp%2Fv2%2Fcategories&post=45141"},{"taxonomy":"post_tag","embeddable":true,"href":"https:\/\/radiocresatelital.com\/index.php?rest_route=%2Fwp%2Fv2%2Ftags&post=45141"}],"curies":[{"name":"wp","href":"https:\/\/api.w.org\/{rel}","templated":true}]}}