{"id":45129,"date":"2026-01-09T03:02:56","date_gmt":"2026-01-09T03:02:56","guid":{"rendered":"https:\/\/radiocresatelital.com\/?p=45129"},"modified":"2026-01-09T03:02:56","modified_gmt":"2026-01-09T03:02:56","slug":"ee-uu-instala-audiencia-migratoria-contra-jose-serrano-por-posible-deportacion-a-ecuador","status":"publish","type":"post","link":"https:\/\/radiocresatelital.com\/?p=45129","title":{"rendered":"EE.\u202fUU. instala audiencia migratoria contra Jos\u00e9 Serrano por posible deportaci\u00f3n a Ecuador"},"content":{"rendered":"<p data-start=\"108\" data-end=\"530\">Quito.- Este jueves 8 de enero de 2026, se instal\u00f3 en Miami, Estados Unidos, la audiencia de tipo migratorio contra Jos\u00e9 Serrano, exministro del Interior y exlegislador del corre\u00edsmo, detenido en ese pa\u00eds desde el 7 de agosto de 2025. La diligencia se realiza en el Centro de Procesamiento Krome North, dependiente del Servicio de Control de Inmigraci\u00f3n y Aduanas (ICE), y est\u00e1 a cargo de la jueza Romy Lerner.<\/p>\n<p data-start=\"532\" data-end=\"1102\">Serrano enfrenta esta audiencia por su presunta permanencia ilegal en EE.\u202fUU. y, al mismo tiempo, es uno de los cuatro procesados como autores intelectuales del asesinato del candidato presidencial Fernando Villavicencio en Ecuador, ocurrido el 9 de agosto de 2023. Durante la audiencia, la defensa de Serrano expone los riesgos que alegan existir\u00edan si fuera deportado al pa\u00eds, mientras que representantes del Gobierno estadounidense tambi\u00e9n participan. La jueza Lerner deber\u00e1 determinar si procede o no la deportaci\u00f3n, y se espera que la diligencia tome varios d\u00edas.<\/p>\n<p data-start=\"1104\" data-end=\"1595\">En paralelo, en Ecuador, Serrano es procesado junto a Xavier Jord\u00e1n, Ronny Aleaga y Daniel Salcedo en el caso Magnicidio FV. Inicialmente contaban con medidas de presentaci\u00f3n peri\u00f3dica en el consulado de Miami, pero posteriormente se les impuso prisi\u00f3n preventiva. Adem\u00e1s, se espera para el 28 de enero la audiencia de vinculaci\u00f3n de tres cabecillas del Grupo de Delincuencia Organizada Los Lobos: Wilmer Chavarr\u00eda (\u2018Pipo\u2019), Estenan Aguilar (\u2018Lobo Menor\u2019) y Carlos Arboleda (\u2018Gordo Luis\u2019).<\/p>\n","protected":false},"excerpt":{"rendered":"<p>Quito.- Este jueves 8 de enero de 2026, se instal\u00f3 en Miami, Estados Unidos, la audiencia de tipo migratorio contra Jos\u00e9 Serrano, exministro del Interior y exlegislador del corre\u00edsmo, detenido en ese pa\u00eds desde el 7 de agosto de 2025. La diligencia se realiza en el Centro de Procesamiento Krome North, dependiente del Servicio de [&hellip;]<\/p>\n","protected":false},"author":17,"featured_media":45130,"comment_status":"open","ping_status":"closed","sticky":false,"template":"","format":"standard","meta":{"_jetpack_memberships_contains_paid_content":false,"footnotes":""},"categories":[13],"tags":[],"class_list":["post-45129","post","type-post","status-publish","format-standard","has-post-thumbnail","hentry","category-noticias-nacionales"],"jetpack_featured_media_url":"https:\/\/radiocresatelital.com\/wp-content\/uploads\/2026\/01\/695d38f7366b9-11.jpeg","jetpack_sharing_enabled":true,"_links":{"self":[{"href":"https:\/\/radiocresatelital.com\/index.php?rest_route=\/wp\/v2\/posts\/45129","targetHints":{"allow":["GET"]}}],"collection":[{"href":"https:\/\/radiocresatelital.com\/index.php?rest_route=\/wp\/v2\/posts"}],"about":[{"href":"https:\/\/radiocresatelital.com\/index.php?rest_route=\/wp\/v2\/types\/post"}],"author":[{"embeddable":true,"href":"https:\/\/radiocresatelital.com\/index.php?rest_route=\/wp\/v2\/users\/17"}],"replies":[{"embeddable":true,"href":"https:\/\/radiocresatelital.com\/index.php?rest_route=%2Fwp%2Fv2%2Fcomments&post=45129"}],"version-history":[{"count":1,"href":"https:\/\/radiocresatelital.com\/index.php?rest_route=\/wp\/v2\/posts\/45129\/revisions"}],"predecessor-version":[{"id":45131,"href":"https:\/\/radiocresatelital.com\/index.php?rest_route=\/wp\/v2\/posts\/45129\/revisions\/45131"}],"wp:featuredmedia":[{"embeddable":true,"href":"https:\/\/radiocresatelital.com\/index.php?rest_route=\/wp\/v2\/media\/45130"}],"wp:attachment":[{"href":"https:\/\/radiocresatelital.com\/index.php?rest_route=%2Fwp%2Fv2%2Fmedia&parent=45129"}],"wp:term":[{"taxonomy":"category","embeddable":true,"href":"https:\/\/radiocresatelital.com\/index.php?rest_route=%2Fwp%2Fv2%2Fcategories&post=45129"},{"taxonomy":"post_tag","embeddable":true,"href":"https:\/\/radiocresatelital.com\/index.php?rest_route=%2Fwp%2Fv2%2Ftags&post=45129"}],"curies":[{"name":"wp","href":"https:\/\/api.w.org\/{rel}","templated":true}]}}