{"id":45125,"date":"2026-01-09T02:50:40","date_gmt":"2026-01-09T02:50:40","guid":{"rendered":"https:\/\/radiocresatelital.com\/?p=45125"},"modified":"2026-01-09T02:51:45","modified_gmt":"2026-01-09T02:51:45","slug":"ecuador-registra-la-pobreza-mas-baja-en-18-anos-y-mejora-condiciones-laborales-segun-enemdu","status":"publish","type":"post","link":"https:\/\/radiocresatelital.com\/?p=45125","title":{"rendered":"Ecuador registra la pobreza m\u00e1s baja en 18 a\u00f1os y mejora condiciones laborales, seg\u00fan ENEMDU"},"content":{"rendered":"<p data-start=\"110\" data-end=\"544\">Quito.- Ecuador alcanz\u00f3 en diciembre de 2025 su nivel de pobreza m\u00e1s bajo en 18 a\u00f1os, con un 21,4\u202f% de la poblaci\u00f3n afectada, seg\u00fan la Encuesta Nacional de Empleo, Desempleo y Subempleo (ENEMDU). La pobreza extrema tambi\u00e9n mostr\u00f3 una disminuci\u00f3n importante, situ\u00e1ndose en 8,3\u202f%, lo que refleja una mejora sostenida en la calidad de vida de los hogares y un cambio de tendencia frente a a\u00f1os anteriores de deterioro social.<\/p>\n<p data-start=\"546\" data-end=\"950\">El mercado laboral present\u00f3 avances significativos: el empleo adecuado subi\u00f3 al 37,1\u202f%, el subempleo descendi\u00f3 al 19,7\u202f% y el desempleo se redujo al 2,6\u202f%, marcando el nivel m\u00e1s bajo desde 2007. El Gobierno atribuye estos resultados a la estabilidad macroecon\u00f3mica, el ordenamiento de las finanzas p\u00fablicas y la recuperaci\u00f3n de la confianza econ\u00f3mica bajo la administraci\u00f3n del presidente Daniel Noboa.<\/p>\n<p data-start=\"952\" data-end=\"1443\">Otro factor que contribuye a este panorama positivo es la reducci\u00f3n del riesgo pa\u00eds a 460 puntos b\u00e1sicos, el m\u00e1s bajo en ocho a\u00f1os, lo que permite al pa\u00eds acceder a financiamiento en mejores condiciones y dinamizar sectores estrat\u00e9gicos como comercio, industria, construcci\u00f3n y obra p\u00fablica. Seg\u00fan las autoridades, estas mejoras han generado mayores oportunidades de empleo e ingresos m\u00e1s estables para los hogares, fortaleciendo la econom\u00eda nacional y reduciendo la vulnerabilidad social.<\/p>\n","protected":false},"excerpt":{"rendered":"<p>Quito.- Ecuador alcanz\u00f3 en diciembre de 2025 su nivel de pobreza m\u00e1s bajo en 18 a\u00f1os, con un 21,4\u202f% de la poblaci\u00f3n afectada, seg\u00fan la Encuesta Nacional de Empleo, Desempleo y Subempleo (ENEMDU). La pobreza extrema tambi\u00e9n mostr\u00f3 una disminuci\u00f3n importante, situ\u00e1ndose en 8,3\u202f%, lo que refleja una mejora sostenida en la calidad de vida [&hellip;]<\/p>\n","protected":false},"author":17,"featured_media":45128,"comment_status":"open","ping_status":"closed","sticky":false,"template":"","format":"standard","meta":{"_jetpack_memberships_contains_paid_content":false,"footnotes":""},"categories":[13],"tags":[7297],"class_list":["post-45125","post","type-post","status-publish","format-standard","has-post-thumbnail","hentry","category-noticias-nacionales","tag-ecuador-pobreza-enemdu-empleo"],"jetpack_featured_media_url":"https:\/\/radiocresatelital.com\/wp-content\/uploads\/2026\/01\/568437186_1136814045321529_2937016269055006012_n.jpg","jetpack_sharing_enabled":true,"_links":{"self":[{"href":"https:\/\/radiocresatelital.com\/index.php?rest_route=\/wp\/v2\/posts\/45125","targetHints":{"allow":["GET"]}}],"collection":[{"href":"https:\/\/radiocresatelital.com\/index.php?rest_route=\/wp\/v2\/posts"}],"about":[{"href":"https:\/\/radiocresatelital.com\/index.php?rest_route=\/wp\/v2\/types\/post"}],"author":[{"embeddable":true,"href":"https:\/\/radiocresatelital.com\/index.php?rest_route=\/wp\/v2\/users\/17"}],"replies":[{"embeddable":true,"href":"https:\/\/radiocresatelital.com\/index.php?rest_route=%2Fwp%2Fv2%2Fcomments&post=45125"}],"version-history":[{"count":1,"href":"https:\/\/radiocresatelital.com\/index.php?rest_route=\/wp\/v2\/posts\/45125\/revisions"}],"predecessor-version":[{"id":45127,"href":"https:\/\/radiocresatelital.com\/index.php?rest_route=\/wp\/v2\/posts\/45125\/revisions\/45127"}],"wp:featuredmedia":[{"embeddable":true,"href":"https:\/\/radiocresatelital.com\/index.php?rest_route=\/wp\/v2\/media\/45128"}],"wp:attachment":[{"href":"https:\/\/radiocresatelital.com\/index.php?rest_route=%2Fwp%2Fv2%2Fmedia&parent=45125"}],"wp:term":[{"taxonomy":"category","embeddable":true,"href":"https:\/\/radiocresatelital.com\/index.php?rest_route=%2Fwp%2Fv2%2Fcategories&post=45125"},{"taxonomy":"post_tag","embeddable":true,"href":"https:\/\/radiocresatelital.com\/index.php?rest_route=%2Fwp%2Fv2%2Ftags&post=45125"}],"curies":[{"name":"wp","href":"https:\/\/api.w.org\/{rel}","templated":true}]}}