{"id":45113,"date":"2026-01-09T02:25:37","date_gmt":"2026-01-09T02:25:37","guid":{"rendered":"https:\/\/radiocresatelital.com\/?p=45113"},"modified":"2026-01-09T02:25:37","modified_gmt":"2026-01-09T02:25:37","slug":"venta-de-93-hectareas-en-la-libertad-genera-denuncias-y-silencio-en-el-municipio","status":"publish","type":"post","link":"https:\/\/radiocresatelital.com\/?p=45113","title":{"rendered":"Venta de 93 hect\u00e1reas en La Libertad genera denuncias y silencio en el municipio"},"content":{"rendered":"<p data-start=\"25\" data-end=\"555\">La Libertad.- La venta directa de 93 hect\u00e1reas de terreno municipal en La Libertad por USD 2,7 millones ha generado una fuerte controversia dentro del Concejo Cantonal y entre la ciudadan\u00eda. La concejal Violeta Mu\u00f1oz, junto a Bruno Ded\u00e9, votaron en contra de la transacci\u00f3n y denunciaron presuntas presiones administrativas tras cuestionar la falta de transparencia en el proceso. Seg\u00fan Mu\u00f1oz, ambos concejales se quedaron sin asistentes administrativos sin explicaci\u00f3n formal, medida que consideran una represalia por su labor fiscalizadora.<\/p>\n<p data-start=\"557\" data-end=\"1121\">El proceso de venta, que inici\u00f3 con una solicitud de compra en agosto de 2025, fue aprobado con rapidez: menos de cinco meses transcurrieron desde la propuesta hasta la resoluci\u00f3n del Concejo Cantonal. La reforma de la ordenanza para aval\u00fao se aprob\u00f3 en octubre de 2025, y la venta fue ratificada el 18 de diciembre de 2025, incorporada al orden del d\u00eda a \u00faltima hora. Los informes municipales reflejan que el terreno, de alto valor urbano y estrat\u00e9gico, fue vendido por debajo del precio de mercado, mientras zonas aleda\u00f1as superan los USD 8 por metro cuadrado.<\/p>\n<p data-start=\"1123\" data-end=\"1803\">La concejal Mu\u00f1oz enfatiz\u00f3 que no desistir\u00e1n de exigir explicaciones sobre la operaci\u00f3n: \u201cNo fui electa para aplaudir al administrador de turno, fui electa para defender los recursos de la ciudad\u201d. En paralelo, Bruno Ded\u00e9 present\u00f3 una alerta ante la Unidad de An\u00e1lisis Financiero y Econ\u00f3mico (UAFE) para investigar el origen de los fondos de la presunta compradora, Jenny Ram\u00edrez, quien habr\u00eda denunciado p\u00fablicamente la suplantaci\u00f3n de su identidad, versi\u00f3n que a\u00fan no se formaliza ante la Fiscal\u00eda. Ded\u00e9 tambi\u00e9n anunci\u00f3 que presentar\u00e1 pr\u00f3ximamente una denuncia ante la Fiscal\u00eda centrada en el aval\u00fao del predio y en las responsabilidades legales del alcalde Francisco Tamariz.<\/p>\n<p data-start=\"1805\" data-end=\"2178\">El ambiente en el municipio refleja tensi\u00f3n y silencio. Los pasillos lucen vac\u00edos y varios concejales ausentes, entre ellos Cindy Su\u00e1rez, Michelle Marcillo y Luis Menoscal, han justificado su ausencia por permisos, vacaciones o medio tiempo. Por su parte, el alcalde Tamariz no se ha pronunciado p\u00fablicamente sobre las denuncias ni sobre las nuevas revelaciones del caso.<\/p>\n<p data-start=\"2180\" data-end=\"2604\">Marino Carriel, concejal que se ausent\u00f3 durante la sesi\u00f3n de aprobaci\u00f3n, critic\u00f3 la falta de informaci\u00f3n t\u00e9cnica y de inspecci\u00f3n en el terreno, se\u00f1alando que sus solicitudes de revisi\u00f3n del proyecto nunca fueron atendidas. La situaci\u00f3n ha puesto en evidencia la falta de claridad y coordinaci\u00f3n en la administraci\u00f3n municipal, mientras la ciudadan\u00eda y los concejales opositores exigen transparencia y rendici\u00f3n de cuentas.<\/p>\n<p data-start=\"2606\" data-end=\"3026\">La sesi\u00f3n ordinaria del Concejo Cantonal prevista para el 9 de enero podr\u00eda incluir puntos adicionales en el orden del d\u00eda, lo que permitir\u00eda reabrir la discusi\u00f3n sobre la venta de las 93 hect\u00e1reas, como ocurri\u00f3 en diciembre de 2025. El caso evidencia tensiones internas, posibles presiones sobre concejales cr\u00edticos y la necesidad de mayor fiscalizaci\u00f3n en la gesti\u00f3n de recursos p\u00fablicos estrat\u00e9gicos en La Libertad.<\/p>\n","protected":false},"excerpt":{"rendered":"<p>La Libertad.- La venta directa de 93 hect\u00e1reas de terreno municipal en La Libertad por USD 2,7 millones ha generado una fuerte controversia dentro del Concejo Cantonal y entre la ciudadan\u00eda. La concejal Violeta Mu\u00f1oz, junto a Bruno Ded\u00e9, votaron en contra de la transacci\u00f3n y denunciaron presuntas presiones administrativas tras cuestionar la falta de [&hellip;]<\/p>\n","protected":false},"author":17,"featured_media":45114,"comment_status":"open","ping_status":"closed","sticky":false,"template":"","format":"standard","meta":{"_jetpack_memberships_contains_paid_content":false,"footnotes":""},"categories":[13],"tags":[7293],"class_list":["post-45113","post","type-post","status-publish","format-standard","has-post-thumbnail","hentry","category-noticias-nacionales","tag-lalibertad-santaelena-terrenos-concejocantonal-transparencia-concejales-municipio-represalias-uafe-politica"],"jetpack_featured_media_url":"https:\/\/radiocresatelital.com\/wp-content\/uploads\/2026\/01\/695d38f7366b9-6.jpeg","jetpack_sharing_enabled":true,"_links":{"self":[{"href":"https:\/\/radiocresatelital.com\/index.php?rest_route=\/wp\/v2\/posts\/45113","targetHints":{"allow":["GET"]}}],"collection":[{"href":"https:\/\/radiocresatelital.com\/index.php?rest_route=\/wp\/v2\/posts"}],"about":[{"href":"https:\/\/radiocresatelital.com\/index.php?rest_route=\/wp\/v2\/types\/post"}],"author":[{"embeddable":true,"href":"https:\/\/radiocresatelital.com\/index.php?rest_route=\/wp\/v2\/users\/17"}],"replies":[{"embeddable":true,"href":"https:\/\/radiocresatelital.com\/index.php?rest_route=%2Fwp%2Fv2%2Fcomments&post=45113"}],"version-history":[{"count":1,"href":"https:\/\/radiocresatelital.com\/index.php?rest_route=\/wp\/v2\/posts\/45113\/revisions"}],"predecessor-version":[{"id":45115,"href":"https:\/\/radiocresatelital.com\/index.php?rest_route=\/wp\/v2\/posts\/45113\/revisions\/45115"}],"wp:featuredmedia":[{"embeddable":true,"href":"https:\/\/radiocresatelital.com\/index.php?rest_route=\/wp\/v2\/media\/45114"}],"wp:attachment":[{"href":"https:\/\/radiocresatelital.com\/index.php?rest_route=%2Fwp%2Fv2%2Fmedia&parent=45113"}],"wp:term":[{"taxonomy":"category","embeddable":true,"href":"https:\/\/radiocresatelital.com\/index.php?rest_route=%2Fwp%2Fv2%2Fcategories&post=45113"},{"taxonomy":"post_tag","embeddable":true,"href":"https:\/\/radiocresatelital.com\/index.php?rest_route=%2Fwp%2Fv2%2Ftags&post=45113"}],"curies":[{"name":"wp","href":"https:\/\/api.w.org\/{rel}","templated":true}]}}