{"id":45021,"date":"2026-01-08T18:16:46","date_gmt":"2026-01-08T18:16:46","guid":{"rendered":"https:\/\/radiocresatelital.com\/?p=45021"},"modified":"2026-01-08T18:16:46","modified_gmt":"2026-01-08T18:16:46","slug":"orense-sc-arranca-pretemporada-2026","status":"publish","type":"post","link":"https:\/\/radiocresatelital.com\/?p=45021","title":{"rendered":"Orense SC arranca Pretemporada 2026"},"content":{"rendered":"<p>Machala.- Orense Sporting Club se prepara para una nueva temporada y este viernes 9 de enero dar\u00e1 inicio oficial a su pretemporada 2026 con la realizaci\u00f3n del d\u00eda m\u00e9dico, en donde todo el plantel pasar\u00e1 por un riguroso chequeo de su salud. A partir del s\u00e1bado, comenzar\u00e1n su respectivo trabajo f\u00edsico en cancha y en el gimnasio de la instituci\u00f3n.<\/p>\n<p>A estas jornadas deber\u00e1n presentarse los jugadores que mantienen contrato vigente con la instituci\u00f3n, como primer paso de la planificaci\u00f3n deportiva con miras a los torneos que disputar\u00e1 el club durante el presente a\u00f1o.<\/p>\n<p>Hasta el momento, el conjunto \u201cbananero\u201d no ha hecho oficiales las incorporaciones ni las salidas para la nueva temporada; sin embargo, en los pr\u00f3ximos d\u00edas se prev\u00e9 el anuncio de las altas y bajas del plantel. Lo que s\u00ed est\u00e1 confirmado es la salida de Bruno Caicedo, quien no continuar\u00e1 en el club tras finalizar su pr\u00e9stamo. Al no existir una opci\u00f3n de compra, el jugador retorn\u00f3 a Barcelona Sporting Club, due\u00f1o de su pase.<\/p>\n<p>En ese contexto, el equipo de la provincia de El Oro trabaja en la conformaci\u00f3n de sus refuerzos, con el objetivo de cubrir la baja del extremo y de otros futbolistas que no formar\u00e1n parte del plantel en esta temporada. Asimismo, se confirm\u00f3 la continuidad del cuerpo t\u00e9cnico, liderado por los profesores Ra\u00fal Antu\u00f1a y Mauricio Magistretti. Esta informaci\u00f3n fue ratificada por Darwin Palacios, fundador y vicepresidente del club, en declaraciones a medios de comunicaci\u00f3n locales.<\/p>\n<p>El representante de los 14 cantones de la provincia de El Oro, afrontar\u00e1 en 2026 tres competiciones: la CONMEBOL Sudamericana, la Liga Ecuabet y la Copa Ecuador.<\/p>\n<p>Como dato destacado, el partido \u00fanico que definir\u00e1 el pase a la fase de grupos de la CONMEBOL Sudamericana se disputar\u00e1 en Machala. En la temporada anterior, los orenses se consolidaron como los mejor locales de la fase 1 del campeonato nacional, por lo que buscar\u00e1 mantener su fortaleza en casa, clasificar a la siguiente instancia del torneo internacional y permitir a su afici\u00f3n disfrutar de encuentros frente a equipos de otros pa\u00edses.<\/p>\n","protected":false},"excerpt":{"rendered":"<p>Machala.- Orense Sporting Club se prepara para una nueva temporada y este viernes 9 de enero dar\u00e1 inicio oficial a su pretemporada 2026 con la realizaci\u00f3n del d\u00eda m\u00e9dico, en donde todo el plantel pasar\u00e1 por un riguroso chequeo de su salud. A partir del s\u00e1bado, comenzar\u00e1n su respectivo trabajo f\u00edsico en cancha y en [&hellip;]<\/p>\n","protected":false},"author":2,"featured_media":45022,"comment_status":"open","ping_status":"closed","sticky":false,"template":"","format":"standard","meta":{"_jetpack_memberships_contains_paid_content":false,"footnotes":""},"categories":[626,73],"tags":[5250],"class_list":["post-45021","post","type-post","status-publish","format-standard","has-post-thumbnail","hentry","category-futbol-nacional","category-liga-pro","tag-orense-sporting-club"],"jetpack_featured_media_url":"https:\/\/radiocresatelital.com\/wp-content\/uploads\/2026\/01\/WhatsApp-Image-2026-01-08-at-13.11.07.jpeg","jetpack_sharing_enabled":true,"_links":{"self":[{"href":"https:\/\/radiocresatelital.com\/index.php?rest_route=\/wp\/v2\/posts\/45021","targetHints":{"allow":["GET"]}}],"collection":[{"href":"https:\/\/radiocresatelital.com\/index.php?rest_route=\/wp\/v2\/posts"}],"about":[{"href":"https:\/\/radiocresatelital.com\/index.php?rest_route=\/wp\/v2\/types\/post"}],"author":[{"embeddable":true,"href":"https:\/\/radiocresatelital.com\/index.php?rest_route=\/wp\/v2\/users\/2"}],"replies":[{"embeddable":true,"href":"https:\/\/radiocresatelital.com\/index.php?rest_route=%2Fwp%2Fv2%2Fcomments&post=45021"}],"version-history":[{"count":1,"href":"https:\/\/radiocresatelital.com\/index.php?rest_route=\/wp\/v2\/posts\/45021\/revisions"}],"predecessor-version":[{"id":45023,"href":"https:\/\/radiocresatelital.com\/index.php?rest_route=\/wp\/v2\/posts\/45021\/revisions\/45023"}],"wp:featuredmedia":[{"embeddable":true,"href":"https:\/\/radiocresatelital.com\/index.php?rest_route=\/wp\/v2\/media\/45022"}],"wp:attachment":[{"href":"https:\/\/radiocresatelital.com\/index.php?rest_route=%2Fwp%2Fv2%2Fmedia&parent=45021"}],"wp:term":[{"taxonomy":"category","embeddable":true,"href":"https:\/\/radiocresatelital.com\/index.php?rest_route=%2Fwp%2Fv2%2Fcategories&post=45021"},{"taxonomy":"post_tag","embeddable":true,"href":"https:\/\/radiocresatelital.com\/index.php?rest_route=%2Fwp%2Fv2%2Ftags&post=45021"}],"curies":[{"name":"wp","href":"https:\/\/api.w.org\/{rel}","templated":true}]}}