{"id":44892,"date":"2026-01-06T20:33:39","date_gmt":"2026-01-06T20:33:39","guid":{"rendered":"https:\/\/radiocresatelital.com\/?p=44892"},"modified":"2026-01-06T20:33:39","modified_gmt":"2026-01-06T20:33:39","slug":"seleccion-argentina-a-punto-de-cerrar-puntos-de-logistica-para-mundial-2026","status":"publish","type":"post","link":"https:\/\/radiocresatelital.com\/?p=44892","title":{"rendered":"Selecci\u00f3n Argentina a punto de cerrar puntos de log\u00edstica para Mundial 2026"},"content":{"rendered":"<div class=\"column\">\n<div class=\"sticky-area\">\n<div class=\"redes-share\">\n<div class=\"items unique\">Buenos Aires.- La Selecci\u00f3n de Argentina dirigida por el t\u00e9cnico Lionel Scaloni se prepara para jugar el Mundial 2026 que se jugar\u00e1 entre el 11 de junio y el 19 de julio en Estados Unidos, M\u00e9xico y Canad\u00e1 se disputar\u00e1 la Copa del Mundo y la Albiceleste tiene tres partidos asegurados durante la fase inicial.<\/div>\n<\/div>\n<\/div>\n<\/div>\n<div class=\"column\">\n<p>Debutar\u00e1 ante Argelia el 16 de Junio en Kansas City. Luego se medir\u00e1 ante Austria el 22 en Dallas Stadium y cinco d\u00edas m\u00e1s tarde, cerrar\u00e1 su participaci\u00f3n contra Jordania en Dallas.<\/p>\n<p>Con los rivales confirmados y el fixture armado, la delegaci\u00f3n argentina empezar\u00e1 a organizarse de cara al evento mundial. De esta manera, armar\u00e1 la log\u00edstica, en donde parar, y elegir\u00e1 la sede de entrenamientos. Con dos partidos en Dallas y uno en Kansas, el plantel argentino finalmente no har\u00e1 sede en Miami como se hab\u00eda pensado luego de su clasificaci\u00f3n. Ahora tiene que decidir dependiendo de la log\u00edstica d\u00f3nde va a concentrar y analizar las opciones que ofrece la FIFA para cada una de las selecciones participantes.<\/p>\n<p>La idea del plantel argentino es hacer base en Dallas desde su llegada, d\u00edas antes del comienzo de la cita mundial, hasta el 28 de junio, un d\u00eda despu\u00e9s del tercer partido de la fase. Luego, viajar\u00e1 a Miami, donde la AFA tiene su lugar de concentraci\u00f3n en Fourt Lauderle.<\/p>\n<p>Durante la fase inicial, la Selecci\u00f3n podr\u00eda hacer base en alguno de las tres opciones de entrenamientos disponibles en Dallas. Por un lado, la\u00a0<strong>Dallas Baptist University (DBU)\u00a0<\/strong>como centro de entrenamiento, y el\u00a0<strong>Westin Dallas Downtown\u00a0<\/strong>como hotel elegido para la concentraci\u00f3n, ubicado en el centro de la ciudad.<\/p>\n<p>Tambi\u00e9n, dispone del\u00a0<strong>FC Dallas Stadium<\/strong>, la casa del FC Dallas de la MLS, estadio que Lionel Messi visit\u00f3 por la Leagues Cup en 2023 y que termin\u00f3 en victoria por penales para el Inter Miami. En el caso de elegir esta opci\u00f3n, el hotel asociado ser\u00eda el Renaissance Dallas at Plano Legacy West.<\/p>\n<p>Por \u00faltimo, tambi\u00e9n cuenta con la\u00a0<strong>Universidad de Dallas<\/strong>\u00a0como alternativa para centro deportivo y, en este caso, tendr\u00e1 a disposici\u00f3n el Omni Las Colinas Hotel para concentrar. Cabe recordar que, durante su estad\u00eda en Doha, donde se disput\u00f3 el \u00faltimo mundial que termin\u00f3 ganando la Albiceleste, la delegaci\u00f3n nacional entren\u00f3 en el campus de la Universidad de Qatar, un predio amplio y con instalaciones deportivas de lujo que sirvi\u00f3 de concentraci\u00f3n para el plantel comandado por Lionel Scaloni.<\/p>\n<p>La AFA y el cuerpo t\u00e9cnico deber\u00e1n analizar estas opciones de cara al pr\u00f3ximo Mundial, y decidir el lugar de concentraci\u00f3n en estos d\u00edas, ya que tienen tiempo hasta el 9 de enero. Tambi\u00e9n, aparece como una alternativa hacer base directamente en Dallas-Fort Worth, el \u00e1rea metropolitana m\u00e1s grande de Texas, donde se encuentra el AT&amp;T Stadium, el recinto de los \u00faltimos dos partidos en la fase de grupos. Otras opciones son los centros de entrenamiento como la Texas Christian University (TCU) o instalaciones similares en Kansas City, para optimizar la log\u00edstica y minimizar traslados, priorizando la comodidad del seleccionado.<\/p>\n<\/div>\n","protected":false},"excerpt":{"rendered":"<p>Buenos Aires.- La Selecci\u00f3n de Argentina dirigida por el t\u00e9cnico Lionel Scaloni se prepara para jugar el Mundial 2026 que se jugar\u00e1 entre el 11 de junio y el 19 de julio en Estados Unidos, M\u00e9xico y Canad\u00e1 se disputar\u00e1 la Copa del Mundo y la Albiceleste tiene tres partidos asegurados durante la fase inicial. [&hellip;]<\/p>\n","protected":false},"author":2,"featured_media":20267,"comment_status":"open","ping_status":"closed","sticky":false,"template":"","format":"standard","meta":{"_jetpack_memberships_contains_paid_content":false,"footnotes":""},"categories":[955],"tags":[3397],"class_list":["post-44892","post","type-post","status-publish","format-standard","has-post-thumbnail","hentry","category-mundial-de-futbol","tag-mundial-2026"],"jetpack_featured_media_url":"https:\/\/radiocresatelital.com\/wp-content\/uploads\/2024\/10\/seleccion-argentina.webp","jetpack_sharing_enabled":true,"_links":{"self":[{"href":"https:\/\/radiocresatelital.com\/index.php?rest_route=\/wp\/v2\/posts\/44892","targetHints":{"allow":["GET"]}}],"collection":[{"href":"https:\/\/radiocresatelital.com\/index.php?rest_route=\/wp\/v2\/posts"}],"about":[{"href":"https:\/\/radiocresatelital.com\/index.php?rest_route=\/wp\/v2\/types\/post"}],"author":[{"embeddable":true,"href":"https:\/\/radiocresatelital.com\/index.php?rest_route=\/wp\/v2\/users\/2"}],"replies":[{"embeddable":true,"href":"https:\/\/radiocresatelital.com\/index.php?rest_route=%2Fwp%2Fv2%2Fcomments&post=44892"}],"version-history":[{"count":1,"href":"https:\/\/radiocresatelital.com\/index.php?rest_route=\/wp\/v2\/posts\/44892\/revisions"}],"predecessor-version":[{"id":44893,"href":"https:\/\/radiocresatelital.com\/index.php?rest_route=\/wp\/v2\/posts\/44892\/revisions\/44893"}],"wp:featuredmedia":[{"embeddable":true,"href":"https:\/\/radiocresatelital.com\/index.php?rest_route=\/wp\/v2\/media\/20267"}],"wp:attachment":[{"href":"https:\/\/radiocresatelital.com\/index.php?rest_route=%2Fwp%2Fv2%2Fmedia&parent=44892"}],"wp:term":[{"taxonomy":"category","embeddable":true,"href":"https:\/\/radiocresatelital.com\/index.php?rest_route=%2Fwp%2Fv2%2Fcategories&post=44892"},{"taxonomy":"post_tag","embeddable":true,"href":"https:\/\/radiocresatelital.com\/index.php?rest_route=%2Fwp%2Fv2%2Ftags&post=44892"}],"curies":[{"name":"wp","href":"https:\/\/api.w.org\/{rel}","templated":true}]}}