{"id":4485,"date":"2023-09-19T21:24:18","date_gmt":"2023-09-19T21:24:18","guid":{"rendered":"https:\/\/radiocresatelital.com\/?p=4485"},"modified":"2023-09-19T21:24:18","modified_gmt":"2023-09-19T21:24:18","slug":"ac-milan-arranca-con-empate-en-fase-de-grupos-de-champions-league","status":"publish","type":"post","link":"https:\/\/radiocresatelital.com\/?p=4485","title":{"rendered":"AC MIl\u00e1n arranca con empate en fase de grupos de Champions League"},"content":{"rendered":"<p>Mil\u00e1n.- El AC Mil\u00e1n logr\u00f3 un empate sin anotaciones como local ante Newcastle en la apertura de la fase de grupos de la fase de grupos de la \u00abChampions League\u00bb, que registr\u00f3 adem\u00e1s la victoria por 3-1 del Leipzig como visitante de Young Boys.<\/p>\n<p>El equipo rojinegro del DT Stefano Pioli, que buscaba recuperarse de la dolorosa ca\u00edda por 5-1 del pasado s\u00e1bado 16 en el derby ante Inter, mostr\u00f3 su mejor versi\u00f3n en la etapa inicial, cuando arrincon\u00f3 al Newcastle dentro de su \u00e1rea y s\u00f3lo se fue al descanso sin anotar por falta de punter\u00eda.<\/p>\n<p>El equipo ingl\u00e9s del DT Eddie Howe, que volvi\u00f3 a la \u00abChampions\u00bb tras 20 a\u00f1os, equilibr\u00f3 el desarrollo del partido en el complemento y casi se lleva la victoria, pero Marco Sportiello, reemplazante del franc\u00e9s Mike Maignan a los 81&#8242;, respondi\u00f3 ante un remate de Sean Longstaff en tiempo de descuento.<\/p>\n<p>Los \u00abtifosi\u00bb del Milan ovacionaron antes del inicio del partido a Sandro Tonali, que pas\u00f3 del equipo rojinegro al Newcastle, que aline\u00f3 al brasile\u00f1o Bruno Guimaraes e incluy\u00f3 a los 63&#8242; al paraguayo Miguel Almir\u00f3n.<\/p>\n<p>Milan cont\u00f3 con el aliento de su presidente, el empresario estadounidense Gerry Cardinale, presentes en un palco del estadio Giuseppe Meazza al igual que el ex delantero sueco Zlatan Ibrahimovic.<\/p>\n<p>Milan y Newcastle quedaron con 1 punto despu\u00e9s de su estreno en el Grupo H de la \u00abChampions\u00bb, el llamado \u00abde la muerte\u00bb y cuya primera fecha se completaba a continuaci\u00f3n con el partido que Par\u00eds Saint-Germain y Borussia Dortmund disputaban en Francia.<\/p>\n<p>A su vez, Leipzig celebr\u00f3 en el estreno, pues se impuso por 3-1 como visitante al Young Boys suizo por el Grupo G, cuya primera fecha se completaba con el duelo que Manchester City jugaba como local de Estrella Roja en el inicio de la defensa de su t\u00edtulo del torneo.<\/p>\n<p>El franc\u00e9s Mohamed Simakan (3&#8242;), el austr\u00edaco Xaver Schlager (73&#8242;) y el esloveno Benjamin Sesko, en el segundo minuto agregado del complemento, anotaron para Leipzig, mientras que el congole\u00f1o Meschack Elia (33&#8242;) empat\u00f3 transitoriamente para Young Boys.<\/p>\n","protected":false},"excerpt":{"rendered":"<p>Mil\u00e1n.- El AC Mil\u00e1n logr\u00f3 un empate sin anotaciones como local ante Newcastle en la apertura de la fase de grupos de la fase de grupos de la \u00abChampions League\u00bb, que registr\u00f3 adem\u00e1s la victoria por 3-1 del Leipzig como visitante de Young Boys. El equipo rojinegro del DT Stefano Pioli, que buscaba recuperarse de [&hellip;]<\/p>\n","protected":false},"author":2,"featured_media":4486,"comment_status":"open","ping_status":"closed","sticky":false,"template":"","format":"standard","meta":{"_jetpack_memberships_contains_paid_content":false,"footnotes":""},"categories":[7,824],"tags":[825],"class_list":["post-4485","post","type-post","status-publish","format-standard","has-post-thumbnail","hentry","category-futbol-internacional","category-liga-de-campeones","tag-champions-league"],"jetpack_featured_media_url":"https:\/\/radiocresatelital.com\/wp-content\/uploads\/2023\/09\/theo-hernandez2.webp","jetpack_sharing_enabled":true,"_links":{"self":[{"href":"https:\/\/radiocresatelital.com\/index.php?rest_route=\/wp\/v2\/posts\/4485","targetHints":{"allow":["GET"]}}],"collection":[{"href":"https:\/\/radiocresatelital.com\/index.php?rest_route=\/wp\/v2\/posts"}],"about":[{"href":"https:\/\/radiocresatelital.com\/index.php?rest_route=\/wp\/v2\/types\/post"}],"author":[{"embeddable":true,"href":"https:\/\/radiocresatelital.com\/index.php?rest_route=\/wp\/v2\/users\/2"}],"replies":[{"embeddable":true,"href":"https:\/\/radiocresatelital.com\/index.php?rest_route=%2Fwp%2Fv2%2Fcomments&post=4485"}],"version-history":[{"count":1,"href":"https:\/\/radiocresatelital.com\/index.php?rest_route=\/wp\/v2\/posts\/4485\/revisions"}],"predecessor-version":[{"id":4487,"href":"https:\/\/radiocresatelital.com\/index.php?rest_route=\/wp\/v2\/posts\/4485\/revisions\/4487"}],"wp:featuredmedia":[{"embeddable":true,"href":"https:\/\/radiocresatelital.com\/index.php?rest_route=\/wp\/v2\/media\/4486"}],"wp:attachment":[{"href":"https:\/\/radiocresatelital.com\/index.php?rest_route=%2Fwp%2Fv2%2Fmedia&parent=4485"}],"wp:term":[{"taxonomy":"category","embeddable":true,"href":"https:\/\/radiocresatelital.com\/index.php?rest_route=%2Fwp%2Fv2%2Fcategories&post=4485"},{"taxonomy":"post_tag","embeddable":true,"href":"https:\/\/radiocresatelital.com\/index.php?rest_route=%2Fwp%2Fv2%2Ftags&post=4485"}],"curies":[{"name":"wp","href":"https:\/\/api.w.org\/{rel}","templated":true}]}}