{"id":44799,"date":"2026-01-05T21:21:37","date_gmt":"2026-01-05T21:21:37","guid":{"rendered":"https:\/\/radiocresatelital.com\/?p=44799"},"modified":"2026-01-05T21:21:37","modified_gmt":"2026-01-05T21:21:37","slug":"albos-presentaran-a-sus-refuerzos-este-14-de-enero","status":"publish","type":"post","link":"https:\/\/radiocresatelital.com\/?p=44799","title":{"rendered":"Albos presentar\u00e1n a sus refuerzos este 14 de Enero"},"content":{"rendered":"<p>Quito.- Liga Deportiva Universitaria de Quito (LDU) ha dado a conocer de manera oficial la fecha para dar a conocer a sus hinchas y p\u00fablico en general las nuevas caras albas para la pr\u00f3xima temporada.<\/p>\n<p>Dicha presentaci\u00f3n se realizar\u00e1 el pr\u00f3ximo 14 de enero en las instalaciones del Estadio \u00abRodrigo Paz Delgado\u00bb.<\/p>\n<p>Cabe indicar que este evento del cuadro albo ser\u00e1 \u00fanicamente para los socios albos que tengan en su poder la Tarjeta Liguista 2026, quienes estar\u00e1n presentes para conocer quienes ser\u00e1n las caras del cuadro blanco para esta temporada que jugar\u00e1n Copa Libertadores, Liga Pro, Copa Ecuador.<\/p>\n<p>Por otra parte, quienes asistan a esta presentaci\u00f3n podr\u00e1n participar en sorteos de las camisetas autografiadas.<\/p>\n<p>Cabe mencionar, que el zaguero ecuatoriano, Luis Segovia, exIndependiente del Valle, mantiene firme las negociaciones para integrar la plantilla alba 2026, ya que podr\u00eda m\u00e1s experiencia en la zona defensiva para el sistema que quiere implementar el t\u00e9cnico brasile\u00f1o,\u00a0Tiago Nunes.<\/p>\n","protected":false},"excerpt":{"rendered":"<p>Quito.- Liga Deportiva Universitaria de Quito (LDU) ha dado a conocer de manera oficial la fecha para dar a conocer a sus hinchas y p\u00fablico en general las nuevas caras albas para la pr\u00f3xima temporada. Dicha presentaci\u00f3n se realizar\u00e1 el pr\u00f3ximo 14 de enero en las instalaciones del Estadio \u00abRodrigo Paz Delgado\u00bb. Cabe indicar que [&hellip;]<\/p>\n","protected":false},"author":2,"featured_media":44800,"comment_status":"open","ping_status":"closed","sticky":false,"template":"","format":"standard","meta":{"_jetpack_memberships_contains_paid_content":false,"footnotes":""},"categories":[626,73],"tags":[517],"class_list":["post-44799","post","type-post","status-publish","format-standard","has-post-thumbnail","hentry","category-futbol-nacional","category-liga-pro","tag-liga-de-quito"],"jetpack_featured_media_url":"https:\/\/radiocresatelital.com\/wp-content\/uploads\/2026\/01\/66535102263ba.jpeg","jetpack_sharing_enabled":true,"_links":{"self":[{"href":"https:\/\/radiocresatelital.com\/index.php?rest_route=\/wp\/v2\/posts\/44799","targetHints":{"allow":["GET"]}}],"collection":[{"href":"https:\/\/radiocresatelital.com\/index.php?rest_route=\/wp\/v2\/posts"}],"about":[{"href":"https:\/\/radiocresatelital.com\/index.php?rest_route=\/wp\/v2\/types\/post"}],"author":[{"embeddable":true,"href":"https:\/\/radiocresatelital.com\/index.php?rest_route=\/wp\/v2\/users\/2"}],"replies":[{"embeddable":true,"href":"https:\/\/radiocresatelital.com\/index.php?rest_route=%2Fwp%2Fv2%2Fcomments&post=44799"}],"version-history":[{"count":1,"href":"https:\/\/radiocresatelital.com\/index.php?rest_route=\/wp\/v2\/posts\/44799\/revisions"}],"predecessor-version":[{"id":44801,"href":"https:\/\/radiocresatelital.com\/index.php?rest_route=\/wp\/v2\/posts\/44799\/revisions\/44801"}],"wp:featuredmedia":[{"embeddable":true,"href":"https:\/\/radiocresatelital.com\/index.php?rest_route=\/wp\/v2\/media\/44800"}],"wp:attachment":[{"href":"https:\/\/radiocresatelital.com\/index.php?rest_route=%2Fwp%2Fv2%2Fmedia&parent=44799"}],"wp:term":[{"taxonomy":"category","embeddable":true,"href":"https:\/\/radiocresatelital.com\/index.php?rest_route=%2Fwp%2Fv2%2Fcategories&post=44799"},{"taxonomy":"post_tag","embeddable":true,"href":"https:\/\/radiocresatelital.com\/index.php?rest_route=%2Fwp%2Fv2%2Ftags&post=44799"}],"curies":[{"name":"wp","href":"https:\/\/api.w.org\/{rel}","templated":true}]}}