{"id":44796,"date":"2026-01-05T21:10:30","date_gmt":"2026-01-05T21:10:30","guid":{"rendered":"https:\/\/radiocresatelital.com\/?p=44796"},"modified":"2026-01-05T21:10:30","modified_gmt":"2026-01-05T21:10:30","slug":"feriado-de-ano-nuevo-2026-genera-usd-1065-millones-bajo-la-gestion-del-gobierno-de-daniel-noboa","status":"publish","type":"post","link":"https:\/\/radiocresatelital.com\/?p=44796","title":{"rendered":"Feriado de A\u00f1o Nuevo 2026 genera USD 106,5 millones, bajo la gesti\u00f3n del Gobierno de Daniel Noboa"},"content":{"rendered":"<p>Quito.- El feriado de A\u00f1o Nuevo 2026 registr\u00f3 un alto dinamismo del turismo interno en Ecuador, tanto en desplazamientos como en generaci\u00f3n de recursos, ratificando el impulso de las medidas adoptadas por el Gobierno del presidente Daniel Noboa.<\/p>\n<p>Este festivo gener\u00f3 un gasto tur\u00edstico de 106,5 millones de d\u00f3lares a nivel nacional, lo que representa un gasto promedio diario de 26,63 millones de d\u00f3lares. Esto significa un crecimiento diario del 21,7% con respecto al feriado de 2025, lo que evidencia una mayor intensidad del consumo tur\u00edstico.<\/p>\n<p><img decoding=\"async\" src=\"https:\/\/www.produccion.gob.ec\/wp-content\/uploads\/2026\/01\/Mesa-de-trabajo-1.jpg\" \/><\/p>\n<p>Las provincias con mayor participaci\u00f3n en el gasto tur\u00edstico fueron Pichincha con 27,85 millones de d\u00f3lares, y Santa Elena con 16,91 millones de d\u00f3lares. Les siguen Azuay (10,73 millones), Tungurahua (7,59 millones), Manab\u00ed (6,32 millones) y Gal\u00e1pagos (6,18 millones), que registraron niveles relevantes de gasto, asociados a una amplia oferta de servicios tur\u00edsticos y a una alta demanda durante el feriado.<\/p>\n<p>Asimismo, se evidenciaron incrementos significativos en el gasto promedio diario en provincias de la Amazon\u00eda y la Sierra Centro como: Napo, Pastaza, Cotopaxi, Chimborazo e Imbabura, reflejando una creciente preferencia por destinos de naturaleza y turismo interno.<\/p>\n<p>Adem\u00e1s, en este feriado se contabilizaron 1\u2019469,910 miles de viajes tur\u00edsticos, lo que evidencia un importante nivel de desplazamiento interno pese a que el festivo tuvo menos d\u00edas de duraci\u00f3n. De acuerdo al comportamiento diario, se registr\u00f3 un promedio de 367 mil viajes por d\u00eda, cifra que representa un incremento del 22,8% frente al promedio observado en el feriado de A\u00f1o Nuevo 2025.<\/p>\n<p>Los principales destinos visitados fueron Pichincha, con 308,53 mil viajes, Santa Elena, con 259,03 mil viajes, y Manab\u00ed, con 181,70 mil viajes, provincias que concentraron una parte significativa del flujo tur\u00edstico nacional.<\/p>\n<p>Con estos resultados, el feriado de A\u00f1o Nuevo 2026 confirma un patr\u00f3n de viajes m\u00e1s cortos, pero m\u00e1s intensivos, tanto en t\u00e9rminos de desplazamiento como de consumo, contribuyendo a la dinamizaci\u00f3n de las econom\u00edas locales y al fortalecimiento del sector tur\u00edstico en el inicio del a\u00f1o.<\/p>\n","protected":false},"excerpt":{"rendered":"<p>Quito.- El feriado de A\u00f1o Nuevo 2026 registr\u00f3 un alto dinamismo del turismo interno en Ecuador, tanto en desplazamientos como en generaci\u00f3n de recursos, ratificando el impulso de las medidas adoptadas por el Gobierno del presidente Daniel Noboa. Este festivo gener\u00f3 un gasto tur\u00edstico de 106,5 millones de d\u00f3lares a nivel nacional, lo que representa [&hellip;]<\/p>\n","protected":false},"author":2,"featured_media":44797,"comment_status":"open","ping_status":"closed","sticky":false,"template":"","format":"standard","meta":{"_jetpack_memberships_contains_paid_content":false,"footnotes":""},"categories":[13],"tags":[7223],"class_list":["post-44796","post","type-post","status-publish","format-standard","has-post-thumbnail","hentry","category-noticias-nacionales","tag-feriado-de-ano-nuevo-2026"],"jetpack_featured_media_url":"https:\/\/radiocresatelital.com\/wp-content\/uploads\/2026\/01\/694326aeeede4.jpeg","jetpack_sharing_enabled":true,"_links":{"self":[{"href":"https:\/\/radiocresatelital.com\/index.php?rest_route=\/wp\/v2\/posts\/44796","targetHints":{"allow":["GET"]}}],"collection":[{"href":"https:\/\/radiocresatelital.com\/index.php?rest_route=\/wp\/v2\/posts"}],"about":[{"href":"https:\/\/radiocresatelital.com\/index.php?rest_route=\/wp\/v2\/types\/post"}],"author":[{"embeddable":true,"href":"https:\/\/radiocresatelital.com\/index.php?rest_route=\/wp\/v2\/users\/2"}],"replies":[{"embeddable":true,"href":"https:\/\/radiocresatelital.com\/index.php?rest_route=%2Fwp%2Fv2%2Fcomments&post=44796"}],"version-history":[{"count":1,"href":"https:\/\/radiocresatelital.com\/index.php?rest_route=\/wp\/v2\/posts\/44796\/revisions"}],"predecessor-version":[{"id":44798,"href":"https:\/\/radiocresatelital.com\/index.php?rest_route=\/wp\/v2\/posts\/44796\/revisions\/44798"}],"wp:featuredmedia":[{"embeddable":true,"href":"https:\/\/radiocresatelital.com\/index.php?rest_route=\/wp\/v2\/media\/44797"}],"wp:attachment":[{"href":"https:\/\/radiocresatelital.com\/index.php?rest_route=%2Fwp%2Fv2%2Fmedia&parent=44796"}],"wp:term":[{"taxonomy":"category","embeddable":true,"href":"https:\/\/radiocresatelital.com\/index.php?rest_route=%2Fwp%2Fv2%2Fcategories&post=44796"},{"taxonomy":"post_tag","embeddable":true,"href":"https:\/\/radiocresatelital.com\/index.php?rest_route=%2Fwp%2Fv2%2Ftags&post=44796"}],"curies":[{"name":"wp","href":"https:\/\/api.w.org\/{rel}","templated":true}]}}