{"id":44741,"date":"2026-01-05T18:27:04","date_gmt":"2026-01-05T18:27:04","guid":{"rendered":"https:\/\/radiocresatelital.com\/?p=44741"},"modified":"2026-01-05T18:27:04","modified_gmt":"2026-01-05T18:27:04","slug":"desfile-gigantes-de-luz-encendio-el-centro-y-reunio-a-cientos-de-familias-en-la-avenida-9-de-octubre","status":"publish","type":"post","link":"https:\/\/radiocresatelital.com\/?p=44741","title":{"rendered":"Desfile Gigantes de Luz encendi\u00f3 el centro y reuni\u00f3 a cientos de familias en la avenida 9 de Octubre"},"content":{"rendered":"<p>Guayaquil.- Luces, m\u00fasica en movimiento y una multitud siguiendo cada paso marcaron la jornada que devolvi\u00f3 al centro de Guayaquil su car\u00e1cter festivo. Este domingo 4 de enero, el desfile Gigantes de Luz tom\u00f3 la avenida 9 de Octubre y convoc\u00f3 a miles de familias que se sumaron al espect\u00e1culo en el cierre del feriado.<\/p>\n<p>Desde el Parque Centenario hasta la calle Pichincha, imponentes marionetas iluminadas avanzaron acompa\u00f1adas por bandas de paz y academias de baile, creando una experiencia art\u00edstica a cielo abierto que captur\u00f3 la atenci\u00f3n de grandes y chicos. El p\u00fablico no solo observ\u00f3 el paso del desfile: se detuvo, grab\u00f3, fotografi\u00f3 y convirti\u00f3 la v\u00eda en un espacio de encuentro y convivencia ciudadana.<\/p>\n<p>La expectativa se sent\u00eda desde antes del inicio. Mariuxi Calder\u00f3n, moradora del sector y asistente por tercer a\u00f1o consecutivo a este tipo de eventos, coment\u00f3 que: \u201cEsto es espectacular. Nosotros ya hab\u00edamos visto en redes sociales que se iba a realizar y, junto a mi familia, nos preparamos para estar aqu\u00ed hoy\u201d.<\/p>\n<p>Con marionetas de hasta 4,5 metros de altura, iluminaci\u00f3n LED y figuras tipo hadas con alas gigantes, Gigantes de Luz es parte de la agenda cultural y recreativa impulsada por el Alcald\u00eda de Guayaquil. La propuesta apuesta por el uso positivo del espacio p\u00fablico y ha logrado posicionarse como una alternativa de entretenimiento familiar que activa calles y avenidas emblem\u00e1ticas de la ciudad.<\/p>\n<p>El recorrido culminar\u00e1 este lunes 5 de enero en el sector de La Alborada, donde el desfile ofrecer\u00e1 su \u00faltima presentaci\u00f3n tras iluminar distintos puntos de Guayaquil. A trav\u00e9s de iniciativas como esta, el Municipio fortalece la cultura, la recreaci\u00f3n y la construcci\u00f3n de espacios de paz para la ciudadan\u00eda<\/p>\n","protected":false},"excerpt":{"rendered":"<p>Guayaquil.- Luces, m\u00fasica en movimiento y una multitud siguiendo cada paso marcaron la jornada que devolvi\u00f3 al centro de Guayaquil su car\u00e1cter festivo. Este domingo 4 de enero, el desfile Gigantes de Luz tom\u00f3 la avenida 9 de Octubre y convoc\u00f3 a miles de familias que se sumaron al espect\u00e1culo en el cierre del feriado. [&hellip;]<\/p>\n","protected":false},"author":2,"featured_media":44742,"comment_status":"open","ping_status":"closed","sticky":false,"template":"","format":"standard","meta":{"_jetpack_memberships_contains_paid_content":false,"footnotes":""},"categories":[33,13],"tags":[7210],"class_list":["post-44741","post","type-post","status-publish","format-standard","has-post-thumbnail","hentry","category-guayaquil","category-noticias-nacionales","tag-gigantes-de-luz"],"jetpack_featured_media_url":"https:\/\/radiocresatelital.com\/wp-content\/uploads\/2026\/01\/1-scaled.jpeg","jetpack_sharing_enabled":true,"_links":{"self":[{"href":"https:\/\/radiocresatelital.com\/index.php?rest_route=\/wp\/v2\/posts\/44741","targetHints":{"allow":["GET"]}}],"collection":[{"href":"https:\/\/radiocresatelital.com\/index.php?rest_route=\/wp\/v2\/posts"}],"about":[{"href":"https:\/\/radiocresatelital.com\/index.php?rest_route=\/wp\/v2\/types\/post"}],"author":[{"embeddable":true,"href":"https:\/\/radiocresatelital.com\/index.php?rest_route=\/wp\/v2\/users\/2"}],"replies":[{"embeddable":true,"href":"https:\/\/radiocresatelital.com\/index.php?rest_route=%2Fwp%2Fv2%2Fcomments&post=44741"}],"version-history":[{"count":1,"href":"https:\/\/radiocresatelital.com\/index.php?rest_route=\/wp\/v2\/posts\/44741\/revisions"}],"predecessor-version":[{"id":44743,"href":"https:\/\/radiocresatelital.com\/index.php?rest_route=\/wp\/v2\/posts\/44741\/revisions\/44743"}],"wp:featuredmedia":[{"embeddable":true,"href":"https:\/\/radiocresatelital.com\/index.php?rest_route=\/wp\/v2\/media\/44742"}],"wp:attachment":[{"href":"https:\/\/radiocresatelital.com\/index.php?rest_route=%2Fwp%2Fv2%2Fmedia&parent=44741"}],"wp:term":[{"taxonomy":"category","embeddable":true,"href":"https:\/\/radiocresatelital.com\/index.php?rest_route=%2Fwp%2Fv2%2Fcategories&post=44741"},{"taxonomy":"post_tag","embeddable":true,"href":"https:\/\/radiocresatelital.com\/index.php?rest_route=%2Fwp%2Fv2%2Ftags&post=44741"}],"curies":[{"name":"wp","href":"https:\/\/api.w.org\/{rel}","templated":true}]}}