{"id":44738,"date":"2026-01-05T18:21:33","date_gmt":"2026-01-05T18:21:33","guid":{"rendered":"https:\/\/radiocresatelital.com\/?p=44738"},"modified":"2026-01-05T18:21:33","modified_gmt":"2026-01-05T18:21:33","slug":"hasta-el-19-de-enero-se-receptaran-las-inscripciones-para-bachillerato-acelerado-programa-que-lleva-adelante-la-prefectura-del-guayas","status":"publish","type":"post","link":"https:\/\/radiocresatelital.com\/?p=44738","title":{"rendered":"Hasta el 19 de enero se receptar\u00e1n las inscripciones para Bachillerato Acelerado, programa que lleva  adelante la Prefectura del Guayas"},"content":{"rendered":"<p>Guayaquil.- La prefecta Marcela Agui\u00f1aga, impulsa en Guayas la segunda promoci\u00f3n del programa Bachillerato Acelerado, luego del \u00e9xito de su primera cohorte, en la que 738 personas de la provincia obtuvieron su t\u00edtulo. La iniciativa ejecutada en alianza con la Universidad Cat\u00f3lica de Santiago de Guayaquil (UCSG), la Fundaci\u00f3n Santiago de Guayaquil y la Unidad Educativa Biling\u00fce Santiago Mayor, est\u00e1 dirigida a j\u00f3venes mayores de 18 a\u00f1os y adultos que no culminaron su educaci\u00f3n media.<\/p>\n<p>El programa se desarrolla bajo una modalidad 100% virtual, con clases semanales en horario nocturno, sesiones grabadas y acompa\u00f1amiento permanente de tutores, lo que permite a los participantes organizar sus tiempos y avanzar de acuerdo con su realidad.<\/p>\n<p>El impacto de esta modalidad se refleja en historias como la de Fanny Maya, una mujer guayaquile\u00f1a de 58 a\u00f1os que form\u00f3 parte de la primera promoci\u00f3n y pudo culminar su formaci\u00f3n acad\u00e9mica que hab\u00eda dejado tras limitaciones econ\u00f3micas. \u201cMi familia est\u00e1 content\u00edsima, mis hijos no lo pueden creer; me dicen que soy su motivaci\u00f3n. Eso es lo que inspira nuestra prefecta: que nosotros seamos capaces y que podemos ser profesionales\u201d, expres\u00f3.<\/p>\n<p>Fanny conoci\u00f3 el programa mientras participaba en los procesos formativos de la Manzana del Cuidado Letamendi, espacio gestionado por el Gobierno Provincial del Guayas, y logr\u00f3 culminar el bachillerato en 15 meses. Con el t\u00edtulo obtenido, actualmente cursa la carrera de rehabilitaci\u00f3n f\u00edsica en el Instituto Superior Tecnol\u00f3gico Bolivariano.<\/p>\n<p>Las inscripciones para Bachillerato Acelerado estar\u00e1n abiertas hasta el 19 de enero. Para postular, los aspirantes deben presentar copia de c\u00e9dula o pasaporte, certificado de votaci\u00f3n y planilla de un servicio b\u00e1sico. En este caso, es indispensable haber culminado la educaci\u00f3n b\u00e1sica, que debe acreditarse mediante el certificado correspondiente.<\/p>\n<p>Los interesados pueden comunicarse a trav\u00e9s del correo educaci\u00f3n@guayas.gob.ec<\/p>\n","protected":false},"excerpt":{"rendered":"<p>Guayaquil.- La prefecta Marcela Agui\u00f1aga, impulsa en Guayas la segunda promoci\u00f3n del programa Bachillerato Acelerado, luego del \u00e9xito de su primera cohorte, en la que 738 personas de la provincia obtuvieron su t\u00edtulo. La iniciativa ejecutada en alianza con la Universidad Cat\u00f3lica de Santiago de Guayaquil (UCSG), la Fundaci\u00f3n Santiago de Guayaquil y la Unidad [&hellip;]<\/p>\n","protected":false},"author":2,"featured_media":44739,"comment_status":"open","ping_status":"closed","sticky":false,"template":"","format":"standard","meta":{"_jetpack_memberships_contains_paid_content":false,"footnotes":""},"categories":[13],"tags":[7217,2699,7218,2347],"class_list":["post-44738","post","type-post","status-publish","format-standard","has-post-thumbnail","hentry","category-noticias-nacionales","tag-fundacion-santiago-de-guayaquil","tag-prefecta-marcela-aguinaga","tag-unidad-educativa-bilingue-santiago-mayor","tag-universidad-catolica-de-santiago-de-guayaquil"],"jetpack_featured_media_url":"https:\/\/radiocresatelital.com\/wp-content\/uploads\/2026\/01\/54437411819_08fbe9521f_b.jpg","jetpack_sharing_enabled":true,"_links":{"self":[{"href":"https:\/\/radiocresatelital.com\/index.php?rest_route=\/wp\/v2\/posts\/44738","targetHints":{"allow":["GET"]}}],"collection":[{"href":"https:\/\/radiocresatelital.com\/index.php?rest_route=\/wp\/v2\/posts"}],"about":[{"href":"https:\/\/radiocresatelital.com\/index.php?rest_route=\/wp\/v2\/types\/post"}],"author":[{"embeddable":true,"href":"https:\/\/radiocresatelital.com\/index.php?rest_route=\/wp\/v2\/users\/2"}],"replies":[{"embeddable":true,"href":"https:\/\/radiocresatelital.com\/index.php?rest_route=%2Fwp%2Fv2%2Fcomments&post=44738"}],"version-history":[{"count":1,"href":"https:\/\/radiocresatelital.com\/index.php?rest_route=\/wp\/v2\/posts\/44738\/revisions"}],"predecessor-version":[{"id":44740,"href":"https:\/\/radiocresatelital.com\/index.php?rest_route=\/wp\/v2\/posts\/44738\/revisions\/44740"}],"wp:featuredmedia":[{"embeddable":true,"href":"https:\/\/radiocresatelital.com\/index.php?rest_route=\/wp\/v2\/media\/44739"}],"wp:attachment":[{"href":"https:\/\/radiocresatelital.com\/index.php?rest_route=%2Fwp%2Fv2%2Fmedia&parent=44738"}],"wp:term":[{"taxonomy":"category","embeddable":true,"href":"https:\/\/radiocresatelital.com\/index.php?rest_route=%2Fwp%2Fv2%2Fcategories&post=44738"},{"taxonomy":"post_tag","embeddable":true,"href":"https:\/\/radiocresatelital.com\/index.php?rest_route=%2Fwp%2Fv2%2Ftags&post=44738"}],"curies":[{"name":"wp","href":"https:\/\/api.w.org\/{rel}","templated":true}]}}