{"id":44735,"date":"2026-01-05T18:16:42","date_gmt":"2026-01-05T18:16:42","guid":{"rendered":"https:\/\/radiocresatelital.com\/?p=44735"},"modified":"2026-01-05T18:16:42","modified_gmt":"2026-01-05T18:16:42","slug":"prefectura-del-guayas-anuncia-el-lanzamiento-del-nuevo-programa-gratuito-basica-superior-acelerado-dirigido-a-quienes-desean-completar-su-educacion-media-en-12-meses","status":"publish","type":"post","link":"https:\/\/radiocresatelital.com\/?p=44735","title":{"rendered":"Prefectura del Guayas anuncia el lanzamiento del nuevo programa gratuito \u201cB\u00e1sica Superior Acelerado\u201d, dirigido a quienes desean  completar su educaci\u00f3n media en 12 meses"},"content":{"rendered":"<p>Guayaquil.- En Ecuador, el 15.2% de la poblaci\u00f3n entre 18 y 24 a\u00f1os no ha completado la formaci\u00f3n b\u00e1sica, siendo la provincia del Guayas la que concentra el 28% del rezago escolar seg\u00fan la informaci\u00f3n publicada por el Ministerio de Educaci\u00f3n en el a\u00f1o 2023. Ante esta realidad, la Prefecta Marcela Agui\u00f1aga dispuso a su equipo la creaci\u00f3n del programa gratuito \u201cB\u00e1sica Superior Acelerado\u201d, dirigido a ciudadanos, desde los 18 a\u00f1os que, por motivos laborales, familiares o personales requieren una modalidad flexible y de r\u00e1pida ejecuci\u00f3n para completar su educaci\u00f3n media.<\/p>\n<p>\u2018B\u00e1sica Superior Acelerado\u2019, surge como resultado de un proceso en el que se identific\u00f3 que un n\u00famero significativo de personas no hab\u00eda culminado estos estudios, cuando deseaban registrarse en el programa \u201cBachillerato Acelerado\u201d, que tambi\u00e9n oferta el Gobierno Provincial. \u201cPor eso, la prefecta Marcela Agui\u00f1aga decidi\u00f3 brindarles la opci\u00f3n de cursar octavo, noveno y d\u00e9cimo, y luego culminar el bachillerato a trav\u00e9s de nuestro programa\u201d, se\u00f1al\u00f3 Diego Aguirre Gonz\u00e1lez, Subdirector de Educaci\u00f3n de la instituci\u00f3n.<\/p>\n<p>El proyecto impulsado por la Prefectura del Guayas se ejecuta en alianza con la Universidad Cat\u00f3lica Santiago de Guayaquil, la Unidad Educativa Santiago Mayor y la Fundaci\u00f3n Santiago de Guayaquil. Tendr\u00e1 una duraci\u00f3n total de 12 meses y permitir\u00e1 completar los tres a\u00f1os de b\u00e1sica superior \u2014octavo, noveno y d\u00e9cimo\u2014 de manera intensiva, dedicando cuatro meses a cada nivel. \u201cSi (el estudiante) no ha terminado d\u00e9cimo, deben esperar que concluyan las personas que van en octavo, luego a noveno y se incluir\u00e1 all\u00ed cuando van a d\u00e9cimo\u201d, indic\u00f3 Lucy Guerrero, coordinadora acad\u00e9mica de la Unidad Educativa Santiago Mayor.<\/p>\n<p>Diego Aguirre, subdirector de Educaci\u00f3n del Gobierno Provincial, destaca la modalidad innovadora que ofrece el programa: \u201cUna de las ventajas de este modelo es que el horario de las clases va a ser en modalidad nocturna y adem\u00e1s todas las clases van a quedar grabadas para que puedan tener acceso en cualquier momento\u201d. Los estudiantes tendr\u00e1n acceso a la plataforma \u2018Runachay\u2019, donde podr\u00e1n completar sus tareas, recibir acompa\u00f1amiento pedag\u00f3gico y tutor\u00edas personalizadas orientadas a evitar la deserci\u00f3n. Al finalizar, recibir\u00e1n su certificado avalado por el Ministerio de Educaci\u00f3n.<\/p>\n<p>Para David D\u00edaz, padre de familia guayaquile\u00f1o de 36 a\u00f1os, esta modalidad representa una oportunidad para mejorar su futuro laboral y familiar. \u201cBacans\u00edsimo, porque me da la oportunidad de estar estudiando en la casa y ver a mis hijos que est\u00e1n estudiando tambi\u00e9n. Quiero terminar mis estudios para darle un buen ejemplo a mis hijos y mis hijos vean en m\u00ed un buen padre\u201d, exclam\u00f3.<\/p>\n<p>Las inscripciones se receptar\u00e1n hasta el 19 de enero a trav\u00e9s del siguiente enlace: https:\/\/bit.ly\/BasicaSuperiorAc, o de manera presencial en el edificio central del Gobierno Provincial del Guayas ubicado en Illingworth y Malec\u00f3n. Los aspirantes deber\u00e1n presentar documentaci\u00f3n b\u00e1sica como copia de c\u00e9dula o pasaporte, certificado de votaci\u00f3n y planilla de un servicio b\u00e1sico; y contar con las promociones legalizadas de quinto, sexto y s\u00e9ptimo de Educaci\u00f3n B\u00e1sica o el certificado de terminaci\u00f3n de primaria.<\/p>\n","protected":false},"excerpt":{"rendered":"<p>Guayaquil.- En Ecuador, el 15.2% de la poblaci\u00f3n entre 18 y 24 a\u00f1os no ha completado la formaci\u00f3n b\u00e1sica, siendo la provincia del Guayas la que concentra el 28% del rezago escolar seg\u00fan la informaci\u00f3n publicada por el Ministerio de Educaci\u00f3n en el a\u00f1o 2023. Ante esta realidad, la Prefecta Marcela Agui\u00f1aga dispuso a su [&hellip;]<\/p>\n","protected":false},"author":2,"featured_media":44736,"comment_status":"open","ping_status":"closed","sticky":false,"template":"","format":"standard","meta":{"_jetpack_memberships_contains_paid_content":false,"footnotes":""},"categories":[13],"tags":[444,415],"class_list":["post-44735","post","type-post","status-publish","format-standard","has-post-thumbnail","hentry","category-noticias-nacionales","tag-ministerio-de-educacion","tag-prefectura-ciudadana-del-guayas"],"jetpack_featured_media_url":"https:\/\/radiocresatelital.com\/wp-content\/uploads\/2026\/01\/WhatsApp-Image-2026-01-05-at-09.16.52.jpeg","jetpack_sharing_enabled":true,"_links":{"self":[{"href":"https:\/\/radiocresatelital.com\/index.php?rest_route=\/wp\/v2\/posts\/44735","targetHints":{"allow":["GET"]}}],"collection":[{"href":"https:\/\/radiocresatelital.com\/index.php?rest_route=\/wp\/v2\/posts"}],"about":[{"href":"https:\/\/radiocresatelital.com\/index.php?rest_route=\/wp\/v2\/types\/post"}],"author":[{"embeddable":true,"href":"https:\/\/radiocresatelital.com\/index.php?rest_route=\/wp\/v2\/users\/2"}],"replies":[{"embeddable":true,"href":"https:\/\/radiocresatelital.com\/index.php?rest_route=%2Fwp%2Fv2%2Fcomments&post=44735"}],"version-history":[{"count":1,"href":"https:\/\/radiocresatelital.com\/index.php?rest_route=\/wp\/v2\/posts\/44735\/revisions"}],"predecessor-version":[{"id":44737,"href":"https:\/\/radiocresatelital.com\/index.php?rest_route=\/wp\/v2\/posts\/44735\/revisions\/44737"}],"wp:featuredmedia":[{"embeddable":true,"href":"https:\/\/radiocresatelital.com\/index.php?rest_route=\/wp\/v2\/media\/44736"}],"wp:attachment":[{"href":"https:\/\/radiocresatelital.com\/index.php?rest_route=%2Fwp%2Fv2%2Fmedia&parent=44735"}],"wp:term":[{"taxonomy":"category","embeddable":true,"href":"https:\/\/radiocresatelital.com\/index.php?rest_route=%2Fwp%2Fv2%2Fcategories&post=44735"},{"taxonomy":"post_tag","embeddable":true,"href":"https:\/\/radiocresatelital.com\/index.php?rest_route=%2Fwp%2Fv2%2Ftags&post=44735"}],"curies":[{"name":"wp","href":"https:\/\/api.w.org\/{rel}","templated":true}]}}