{"id":44669,"date":"2025-12-30T21:54:49","date_gmt":"2025-12-30T21:54:49","guid":{"rendered":"https:\/\/radiocresatelital.com\/?p=44669"},"modified":"2025-12-30T21:55:00","modified_gmt":"2025-12-30T21:55:00","slug":"gobierno-entrego-en-comodato-infraestructura-educativa-para-fortalecer-la-educacion-intercultural-bilingue-en-cotopaxi","status":"publish","type":"post","link":"https:\/\/radiocresatelital.com\/?p=44669","title":{"rendered":"Gobierno entreg\u00f3 en comodato infraestructura educativa para fortalecer la educaci\u00f3n intercultural biling\u00fce en Cotopaxi"},"content":{"rendered":"<p>La vicepresidenta de la Rep\u00fablica, Mar\u00eda Jos\u00e9 Pinto, particip\u00f3 como testigo de honor en la entrega en comodato de un Centro de Desarrollo Infantil al Ministerio de Educaci\u00f3n, Deporte y Cultura (MINEDEC) gestionada junto a dirigentes de la comunidad Guayama San Pedro, autoridades locales y el Ministerio de Desarrollo Humano (MDH) de Cotopaxi, con el fin de reutilizar la infraestructura para el funcionamiento del Centro Educativo Intercultural Biling\u00fce \u201cBel\u00e9n 15 de Julio\u201d.<\/p>\n<p>Actualmente, el comodato beneficia a 64 ni\u00f1as y ni\u00f1os que asisten a clases en una infraestructura que se encuentra en adecuadas condiciones f\u00edsicas, con un plazo de 50 a\u00f1os, asegurando sostenibilidad y continuidad del servicio educativo.<\/p>\n<div class=\"pull-right col-md-5 \">\u201cEstar aqu\u00ed no es la decisi\u00f3n de no seguir postergando lo importante. Es la decisi\u00f3n estar aqu\u00ed con ustedes, de decir que para este Gobierno, para m\u00ed como Vicepresidenta, cada persona importa, sin importar d\u00f3nde viva, es la decisi\u00f3n de cerrar este a\u00f1o trabajando en lo que de verdad deja huella: la Educaci\u00f3n Intercultural Biling\u00fce\u201d<\/div>\n<p>La segunda mandataria enfatiz\u00f3 que el trabajo gubernamental busca llegar a cada rinc\u00f3n del pa\u00eds y que la educaci\u00f3n ya no puede esperar.\u00a0\u201cEstar aqu\u00ed no es la decisi\u00f3n de no seguir postergando lo importante. Es la decisi\u00f3n estar aqu\u00ed con ustedes, de decir que para este Gobierno, para m\u00ed como Vicepresidenta, cada persona importa, sin importar d\u00f3nde viva, es la decisi\u00f3n de cerrar este a\u00f1o trabajando en lo que de verdad deja huella: la Educaci\u00f3n Intercultural Biling\u00fce\u201d, agreg\u00f3<\/p>\n<p>Gracias a la actual gesti\u00f3n gubernamental se logr\u00f3 la regularizaci\u00f3n del bien y su entrega formal, reflejando una efectiva articulaci\u00f3n interinstitucional en territorio y una respuesta concreta a las necesidades de la comunidad.<\/p>\n<p>\u201cLos ni\u00f1os deben estar en el centro, y cuando los ni\u00f1os est\u00e1n en el centro, el Ecuador avanza. Este encuentro no se queda en palabras, no se queda en promesas, no se queda en un simple papel, se queda hoy en presencia, se queda en compromiso. Queda en un trabajo constante por ustedes, por su comunidad, por todos los maestros aqu\u00ed presentes, a los que agradezco profundamente, y junto a cada una de las familias\u201d, dijo la vicepresidenta.<\/p>\n<p>Este esfuerzo reafirma el compromiso del presidente Daniel Noboa con la ni\u00f1ez ecuatoriana y su futuro, impulsando una educaci\u00f3n de calidad que fortalece la identidad cultural y garantiza que las lenguas ancestrales perduren como parte viva del desarrollo del pa\u00eds.<\/p>\n","protected":false},"excerpt":{"rendered":"<p>La vicepresidenta de la Rep\u00fablica, Mar\u00eda Jos\u00e9 Pinto, particip\u00f3 como testigo de honor en la entrega en comodato de un Centro de Desarrollo Infantil al Ministerio de Educaci\u00f3n, Deporte y Cultura (MINEDEC) gestionada junto a dirigentes de la comunidad Guayama San Pedro, autoridades locales y el Ministerio de Desarrollo Humano (MDH) de Cotopaxi, con el [&hellip;]<\/p>\n","protected":false},"author":2,"featured_media":44670,"comment_status":"open","ping_status":"closed","sticky":false,"template":"","format":"standard","meta":{"_jetpack_memberships_contains_paid_content":false,"footnotes":""},"categories":[13],"tags":[4601,444],"class_list":["post-44669","post","type-post","status-publish","format-standard","has-post-thumbnail","hentry","category-noticias-nacionales","tag-centro-de-desarrollo-infantil","tag-ministerio-de-educacion"],"jetpack_featured_media_url":"https:\/\/radiocresatelital.com\/wp-content\/uploads\/2025\/12\/IMG_8243-1536x1152-1.jpg","jetpack_sharing_enabled":true,"_links":{"self":[{"href":"https:\/\/radiocresatelital.com\/index.php?rest_route=\/wp\/v2\/posts\/44669","targetHints":{"allow":["GET"]}}],"collection":[{"href":"https:\/\/radiocresatelital.com\/index.php?rest_route=\/wp\/v2\/posts"}],"about":[{"href":"https:\/\/radiocresatelital.com\/index.php?rest_route=\/wp\/v2\/types\/post"}],"author":[{"embeddable":true,"href":"https:\/\/radiocresatelital.com\/index.php?rest_route=\/wp\/v2\/users\/2"}],"replies":[{"embeddable":true,"href":"https:\/\/radiocresatelital.com\/index.php?rest_route=%2Fwp%2Fv2%2Fcomments&post=44669"}],"version-history":[{"count":1,"href":"https:\/\/radiocresatelital.com\/index.php?rest_route=\/wp\/v2\/posts\/44669\/revisions"}],"predecessor-version":[{"id":44671,"href":"https:\/\/radiocresatelital.com\/index.php?rest_route=\/wp\/v2\/posts\/44669\/revisions\/44671"}],"wp:featuredmedia":[{"embeddable":true,"href":"https:\/\/radiocresatelital.com\/index.php?rest_route=\/wp\/v2\/media\/44670"}],"wp:attachment":[{"href":"https:\/\/radiocresatelital.com\/index.php?rest_route=%2Fwp%2Fv2%2Fmedia&parent=44669"}],"wp:term":[{"taxonomy":"category","embeddable":true,"href":"https:\/\/radiocresatelital.com\/index.php?rest_route=%2Fwp%2Fv2%2Fcategories&post=44669"},{"taxonomy":"post_tag","embeddable":true,"href":"https:\/\/radiocresatelital.com\/index.php?rest_route=%2Fwp%2Fv2%2Ftags&post=44669"}],"curies":[{"name":"wp","href":"https:\/\/api.w.org\/{rel}","templated":true}]}}