{"id":44630,"date":"2025-12-30T19:17:18","date_gmt":"2025-12-30T19:17:18","guid":{"rendered":"https:\/\/radiocresatelital.com\/?p=44630"},"modified":"2025-12-30T19:17:18","modified_gmt":"2025-12-30T19:17:18","slug":"gobierno-nacional-ratifica-la-eliminacion-sostenida-del-sarampion-gracias-a-programas-de-inmunizacion-eficientes-a-escala-nacional","status":"publish","type":"post","link":"https:\/\/radiocresatelital.com\/?p=44630","title":{"rendered":"Gobierno Nacional ratifica la eliminaci\u00f3n sostenida del sarampi\u00f3n gracias a programas de inmunizaci\u00f3n eficientes a escala nacional"},"content":{"rendered":"<p>Quito.-\u00a0Gracias a la eficacia de sus sistemas de vigilancia epidemiol\u00f3gica y a la solidez de los programas de inmunizaci\u00f3n, el Ministerio de Salud P\u00fablica (MSP) recibi\u00f3 la ratificaci\u00f3n oficial de Ecuador en la categor\u00eda:\u00a0Eliminaci\u00f3n Sostenida de Sarampi\u00f3n y Rub\u00e9ola.<\/p>\n<p>Esta clasificaci\u00f3n, emitida por la Comisi\u00f3n Regional de Monitoreo y Re verificaci\u00f3n de la OPS, sit\u00faa a Ecuador en el grupo de naciones con el\u00a0mejor desempe\u00f1o epidemiol\u00f3gico de la regi\u00f3n, compartiendo esta distinci\u00f3n con Chile, Colombia, Costa Rica, Cuba, El Salvador, Guatemala, Nicaragua, Panam\u00e1, Paraguay, Per\u00fa, Uruguay y el Caribe Ingl\u00e9s.<\/p>\n<p>Con el liderazgo de la vicepresidenta de la Rep\u00fablica, Mar\u00eda Jos\u00e9 Pinto, el\u00a0Gobierno Nacional garantiza una reserva estrat\u00e9gica de vacunas SRP\u00a0(sarampi\u00f3n, rub\u00e9ola y paperas), jeringas e insumos necesarios para prevenir brotes ante posibles casos importados.<\/p>\n<p>Un llamado a la corresponsabilidad ciudadana<\/p>\n<p>El sarampi\u00f3n es una enfermedad altamente contagiosa que puede causar complicaciones graves como ceguera, neumon\u00eda o encefalitis.<\/p>\n<p>Por ello,\u00a0el MSP insta a la ciudadan\u00eda a cumplir estrictamente con el esquema de vacunaci\u00f3n infantil:<\/p>\n<ul>\n<li>Una primera dosis de la vacuna (SRP) a los 12 meses de edad<\/li>\n<li>Una dosis de refuerzo a los 18 meses.<\/li>\n<\/ul>\n<p>El Gobierno Nacional contin\u00faa trabajando en un sistema de salud integral, que prioriza \u00a0la prevenci\u00f3n de enfermedades.<\/p>\n","protected":false},"excerpt":{"rendered":"<p>Quito.-\u00a0Gracias a la eficacia de sus sistemas de vigilancia epidemiol\u00f3gica y a la solidez de los programas de inmunizaci\u00f3n, el Ministerio de Salud P\u00fablica (MSP) recibi\u00f3 la ratificaci\u00f3n oficial de Ecuador en la categor\u00eda:\u00a0Eliminaci\u00f3n Sostenida de Sarampi\u00f3n y Rub\u00e9ola. Esta clasificaci\u00f3n, emitida por la Comisi\u00f3n Regional de Monitoreo y Re verificaci\u00f3n de la OPS, sit\u00faa [&hellip;]<\/p>\n","protected":false},"author":2,"featured_media":44631,"comment_status":"open","ping_status":"closed","sticky":false,"template":"","format":"standard","meta":{"_jetpack_memberships_contains_paid_content":false,"footnotes":""},"categories":[13],"tags":[148],"class_list":["post-44630","post","type-post","status-publish","format-standard","has-post-thumbnail","hentry","category-noticias-nacionales","tag-ministerio-de-salud-publica"],"jetpack_featured_media_url":"https:\/\/radiocresatelital.com\/wp-content\/uploads\/2025\/12\/fotito.png","jetpack_sharing_enabled":true,"_links":{"self":[{"href":"https:\/\/radiocresatelital.com\/index.php?rest_route=\/wp\/v2\/posts\/44630","targetHints":{"allow":["GET"]}}],"collection":[{"href":"https:\/\/radiocresatelital.com\/index.php?rest_route=\/wp\/v2\/posts"}],"about":[{"href":"https:\/\/radiocresatelital.com\/index.php?rest_route=\/wp\/v2\/types\/post"}],"author":[{"embeddable":true,"href":"https:\/\/radiocresatelital.com\/index.php?rest_route=\/wp\/v2\/users\/2"}],"replies":[{"embeddable":true,"href":"https:\/\/radiocresatelital.com\/index.php?rest_route=%2Fwp%2Fv2%2Fcomments&post=44630"}],"version-history":[{"count":1,"href":"https:\/\/radiocresatelital.com\/index.php?rest_route=\/wp\/v2\/posts\/44630\/revisions"}],"predecessor-version":[{"id":44632,"href":"https:\/\/radiocresatelital.com\/index.php?rest_route=\/wp\/v2\/posts\/44630\/revisions\/44632"}],"wp:featuredmedia":[{"embeddable":true,"href":"https:\/\/radiocresatelital.com\/index.php?rest_route=\/wp\/v2\/media\/44631"}],"wp:attachment":[{"href":"https:\/\/radiocresatelital.com\/index.php?rest_route=%2Fwp%2Fv2%2Fmedia&parent=44630"}],"wp:term":[{"taxonomy":"category","embeddable":true,"href":"https:\/\/radiocresatelital.com\/index.php?rest_route=%2Fwp%2Fv2%2Fcategories&post=44630"},{"taxonomy":"post_tag","embeddable":true,"href":"https:\/\/radiocresatelital.com\/index.php?rest_route=%2Fwp%2Fv2%2Ftags&post=44630"}],"curies":[{"name":"wp","href":"https:\/\/api.w.org\/{rel}","templated":true}]}}