{"id":44625,"date":"2025-12-30T18:55:23","date_gmt":"2025-12-30T18:55:23","guid":{"rendered":"https:\/\/radiocresatelital.com\/?p=44625"},"modified":"2025-12-30T18:55:23","modified_gmt":"2025-12-30T18:55:23","slug":"registro-civil-de-ecuador-y-unir-firman-acuerdo-para-impulsar-la-capacitacion-y-modernizacion-del-servicio-publico","status":"publish","type":"post","link":"https:\/\/radiocresatelital.com\/?p=44625","title":{"rendered":"Registro Civil de Ecuador y UNIR firman acuerdo para impulsar la capacitaci\u00f3n y modernizaci\u00f3n del servicio p\u00fablico"},"content":{"rendered":"<p>Quito.-\u00a0La Direcci\u00f3n General del Registro Civil, Identificaci\u00f3n y Cedulaci\u00f3n y la Universidad Internacional de La Rioja (UNIR) suscribieron un Convenio Marco de Cooperaci\u00f3n orientado a potenciar las capacidades t\u00e9cnicas, acad\u00e9micas y profesionales del personal institucional. La ceremonia oficial tuvo lugar en el sal\u00f3n de actos del Registro Civil en Quito, protagonizada por Ot\u00f3n Rivadeneira, director general de esta instituci\u00f3n, y Luis Usera, director general de UNIR.<\/p>\n<p>Tambi\u00e9n estuvieron presentes Mar\u00eda Jos\u00e9 Renter\u00eda, coordinadora general de Asesor\u00eda Jur\u00eddica del Registro Civil; Mairelis S\u00e1nchez, directora de UNIR en Ecuador; Sebasti\u00e1n Carri\u00f3n, coordinador de Relaciones Institucionales de UNIR; as\u00ed como coordinadores generales, directores nacionales y servidores p\u00fablicos.<\/p>\n<p><strong>Educaci\u00f3n flexible para una gesti\u00f3n p\u00fablica moderna<\/strong><\/p>\n<p>Durante el evento, <strong>Luis Usera<\/strong> destac\u00f3 el compromiso institucional para ampliar las oportunidades educativas del personal y sus familias. \u201cPonemos a disposici\u00f3n una oferta cercana a <strong>400 posgrados oficiales<\/strong> en modalidades flexibles \u2014desde derecho hasta tecnolog\u00eda\u2014 acompa\u00f1ados por condiciones preferenciales e iniciativas formativas que impulsan tanto el crecimiento profesional como la colaboraci\u00f3n en proyectos conjuntos\u201d, se\u00f1al\u00f3. Usera ratific\u00f3 tambi\u00e9n la voluntad de UNIR para acompa\u00f1ar activamente procesos formativos estrat\u00e9gicos adaptados a las necesidades operativas del Registro Civil.<\/p>\n<p>Por su parte, <strong>Ot\u00f3n Rivadeneira<\/strong> subray\u00f3 que este convenio responde plenamente a la visi\u00f3n presidencial orientada a forjar instituciones s\u00f3lidas centradas en un servicio ciudadano eficiente. \u00abEste acuerdo abre nuevas puertas al desarrollo profesional: nuestros servidores podr\u00e1n culminar estudios universitarios o iniciar programas avanzados sin salir del pa\u00eds\u00bb, afirm\u00f3. Adem\u00e1s, enfatiz\u00f3 que apostar por la formaci\u00f3n continua es consolidar al talento humano como eje central para construir un Registro Civil moderno y preparado para los retos nacionales.<\/p>\n<p><strong>Fundamentos legales y alcance estrat\u00e9gico<\/strong><\/p>\n<p><strong>Mar\u00eda Jos\u00e9 Renter\u00eda<\/strong> resalt\u00f3 el fundamento jur\u00eddico e institucional que respalda este convenio: \u201cEl acuerdo se basa en los principios constitucionales de eficacia, eficiencia, calidad, coordinaci\u00f3n y transparencia en la gesti\u00f3n p\u00fablica\u201d. A\u00f1adi\u00f3 que la capacitaci\u00f3n continua es clave para fortalecer el talento humano y reconoci\u00f3 los convenios interinstitucionales como herramientas leg\u00edtimas para impulsar el desarrollo nacional y la excelencia administrativa.<\/p>\n<p>La firma del convenio marco entre el Registro Civil ecuatoriano y UNIR refuerza el compromiso compartido con el conocimiento, la formaci\u00f3n t\u00e9cnica avanzada y la adopci\u00f3n de modelos educativos internacionales. Se inicia as\u00ed una nueva etapa destinada a fortalecer las capacidades humanas e institucionales con miras a brindar servicios p\u00fablicos modernos, confiables y alineados a las necesidades actuales de la ciudadan\u00eda.<\/p>\n","protected":false},"excerpt":{"rendered":"<p>Quito.-\u00a0La Direcci\u00f3n General del Registro Civil, Identificaci\u00f3n y Cedulaci\u00f3n y la Universidad Internacional de La Rioja (UNIR) suscribieron un Convenio Marco de Cooperaci\u00f3n orientado a potenciar las capacidades t\u00e9cnicas, acad\u00e9micas y profesionales del personal institucional. La ceremonia oficial tuvo lugar en el sal\u00f3n de actos del Registro Civil en Quito, protagonizada por Ot\u00f3n Rivadeneira, director [&hellip;]<\/p>\n","protected":false},"author":2,"featured_media":44626,"comment_status":"open","ping_status":"closed","sticky":false,"template":"","format":"standard","meta":{"_jetpack_memberships_contains_paid_content":false,"footnotes":""},"categories":[33,13],"tags":[7195],"class_list":["post-44625","post","type-post","status-publish","format-standard","has-post-thumbnail","hentry","category-guayaquil","category-noticias-nacionales","tag-direccion-general-del-registro-civil"],"jetpack_featured_media_url":"https:\/\/radiocresatelital.com\/wp-content\/uploads\/2025\/12\/WhatsApp-Image-2025-12-30-at-12.19.18.jpeg","jetpack_sharing_enabled":true,"_links":{"self":[{"href":"https:\/\/radiocresatelital.com\/index.php?rest_route=\/wp\/v2\/posts\/44625","targetHints":{"allow":["GET"]}}],"collection":[{"href":"https:\/\/radiocresatelital.com\/index.php?rest_route=\/wp\/v2\/posts"}],"about":[{"href":"https:\/\/radiocresatelital.com\/index.php?rest_route=\/wp\/v2\/types\/post"}],"author":[{"embeddable":true,"href":"https:\/\/radiocresatelital.com\/index.php?rest_route=\/wp\/v2\/users\/2"}],"replies":[{"embeddable":true,"href":"https:\/\/radiocresatelital.com\/index.php?rest_route=%2Fwp%2Fv2%2Fcomments&post=44625"}],"version-history":[{"count":1,"href":"https:\/\/radiocresatelital.com\/index.php?rest_route=\/wp\/v2\/posts\/44625\/revisions"}],"predecessor-version":[{"id":44627,"href":"https:\/\/radiocresatelital.com\/index.php?rest_route=\/wp\/v2\/posts\/44625\/revisions\/44627"}],"wp:featuredmedia":[{"embeddable":true,"href":"https:\/\/radiocresatelital.com\/index.php?rest_route=\/wp\/v2\/media\/44626"}],"wp:attachment":[{"href":"https:\/\/radiocresatelital.com\/index.php?rest_route=%2Fwp%2Fv2%2Fmedia&parent=44625"}],"wp:term":[{"taxonomy":"category","embeddable":true,"href":"https:\/\/radiocresatelital.com\/index.php?rest_route=%2Fwp%2Fv2%2Fcategories&post=44625"},{"taxonomy":"post_tag","embeddable":true,"href":"https:\/\/radiocresatelital.com\/index.php?rest_route=%2Fwp%2Fv2%2Ftags&post=44625"}],"curies":[{"name":"wp","href":"https:\/\/api.w.org\/{rel}","templated":true}]}}