{"id":44510,"date":"2025-12-26T19:01:39","date_gmt":"2025-12-26T19:01:39","guid":{"rendered":"https:\/\/radiocresatelital.com\/?p=44510"},"modified":"2025-12-26T19:01:39","modified_gmt":"2025-12-26T19:01:39","slug":"kevin-navas-es-la-nueva-incorporacion-del-movistar-best-pc","status":"publish","type":"post","link":"https:\/\/radiocresatelital.com\/?p=44510","title":{"rendered":"Kevin Navas es la nueva incorporaci\u00f3n del Movistar Best PC"},"content":{"rendered":"<p>Quito.- El ciclista ecuatoriano Kevin Navas ser\u00e1 la nueva incorporaci\u00f3n del <strong>Movistar Best PC <\/strong>para la pr\u00f3xima temporada, en la que buscar\u00e1 ratificar el buen desempe\u00f1o en 2025, que le abri\u00f3 las puertas en el \u00fanico equipo continental ecuatoriano.<\/p>\n<p>Con tan solo 20 a\u00f1os, el pedalista imbabure\u00f1o cuenta con una importante experiencia en equipos como el Corbatas Pindal \u2013 Copsesa de Espa\u00f1a, el ecuatoriano Banco Guayaquil y el mexicano Pretolike, con el que corri\u00f3 en la campa\u00f1a 2025.<\/p>\n<p>\u201cTengo una amplia trayectoria tanto a nivel nacional como internacional y en lo personal creo que puedo ser un gran aporte para el equipo. Aline\u00e1ndome con los objetivos de la escuadra para conseguir grandes resultados\u201d, fueron las primeras palabras como corredor \u201ctelef\u00f3nico\u201d.<\/p>\n<p>Adem\u00e1s, dentro de los apenas cinco a\u00f1os practicando ciclismo, empez\u00f3 en 2020 en plena pandemia del covid-19, tiene un palmar\u00e9s en el que destacan la participaci\u00f3n en los Juegos Panamericanos Juveniles Paraguay 2025, as\u00ed como en carreras en Europa, campeonatos nacionales y la Vuelta al Ecuador, donde en 2024 se ubic\u00f3 tercero en la sub 23.<\/p>\n<p>Hasta el momento el mayor logro de su novel carrera es la medalla de oro en la prueba de ruta de la categor\u00eda juvenil en el Campeonato Panamericano desarrollado en Panam\u00e1 en abril de 2023.<\/p>\n<p>Hablando de los objetivos con el <strong>Movistar Best PC, <\/strong>Navas resalt\u00f3 que \u201cmi intenci\u00f3n con el equipo es conseguir buenos resultados internacionales y destacar en otras grandes pruebas como el campeonato nacional, la Vuelta al Ecuador y competencias a nivel nacional\u201d.<\/p>\n<p>Al tiempo que se mostr\u00f3 contento de pertenecer a un equipo continental porque \u201cse abren grandes oportunidades de seguir triunfando en el deporte y por qu\u00e9 no volver a correr en un equipo europeo para ser un ciclista World Tour, que es uno de mis sue\u00f1os\u201d, asegur\u00f3.<\/p>\n<p>De esta manera, Kevin Navas correr\u00e1 con el <strong>Movistar Best PC<\/strong> en la que figuran destacados nombres como Byron Guam\u00e1, Santiago Montenegro, Richard Huera, Erick Pozo, H\u00e9ctor \u00c1lvarez, Anthony Coque, entre otros, buscando ser protagonista a nivel local e internacional.<\/p>\n","protected":false},"excerpt":{"rendered":"<p>Quito.- El ciclista ecuatoriano Kevin Navas ser\u00e1 la nueva incorporaci\u00f3n del Movistar Best PC para la pr\u00f3xima temporada, en la que buscar\u00e1 ratificar el buen desempe\u00f1o en 2025, que le abri\u00f3 las puertas en el \u00fanico equipo continental ecuatoriano. Con tan solo 20 a\u00f1os, el pedalista imbabure\u00f1o cuenta con una importante experiencia en equipos como [&hellip;]<\/p>\n","protected":false},"author":2,"featured_media":44511,"comment_status":"open","ping_status":"closed","sticky":false,"template":"","format":"standard","meta":{"_jetpack_memberships_contains_paid_content":false,"footnotes":""},"categories":[120,9],"tags":[1029,7179],"class_list":["post-44510","post","type-post","status-publish","format-standard","has-post-thumbnail","hentry","category-ciclismo","category-deportes","tag-movistar-best-pc","tag-movistar-best-pcquito"],"jetpack_featured_media_url":"https:\/\/radiocresatelital.com\/wp-content\/uploads\/2025\/12\/6652f7150dae0.jpeg","jetpack_sharing_enabled":true,"_links":{"self":[{"href":"https:\/\/radiocresatelital.com\/index.php?rest_route=\/wp\/v2\/posts\/44510","targetHints":{"allow":["GET"]}}],"collection":[{"href":"https:\/\/radiocresatelital.com\/index.php?rest_route=\/wp\/v2\/posts"}],"about":[{"href":"https:\/\/radiocresatelital.com\/index.php?rest_route=\/wp\/v2\/types\/post"}],"author":[{"embeddable":true,"href":"https:\/\/radiocresatelital.com\/index.php?rest_route=\/wp\/v2\/users\/2"}],"replies":[{"embeddable":true,"href":"https:\/\/radiocresatelital.com\/index.php?rest_route=%2Fwp%2Fv2%2Fcomments&post=44510"}],"version-history":[{"count":1,"href":"https:\/\/radiocresatelital.com\/index.php?rest_route=\/wp\/v2\/posts\/44510\/revisions"}],"predecessor-version":[{"id":44512,"href":"https:\/\/radiocresatelital.com\/index.php?rest_route=\/wp\/v2\/posts\/44510\/revisions\/44512"}],"wp:featuredmedia":[{"embeddable":true,"href":"https:\/\/radiocresatelital.com\/index.php?rest_route=\/wp\/v2\/media\/44511"}],"wp:attachment":[{"href":"https:\/\/radiocresatelital.com\/index.php?rest_route=%2Fwp%2Fv2%2Fmedia&parent=44510"}],"wp:term":[{"taxonomy":"category","embeddable":true,"href":"https:\/\/radiocresatelital.com\/index.php?rest_route=%2Fwp%2Fv2%2Fcategories&post=44510"},{"taxonomy":"post_tag","embeddable":true,"href":"https:\/\/radiocresatelital.com\/index.php?rest_route=%2Fwp%2Fv2%2Ftags&post=44510"}],"curies":[{"name":"wp","href":"https:\/\/api.w.org\/{rel}","templated":true}]}}