{"id":44495,"date":"2025-12-26T18:25:41","date_gmt":"2025-12-26T18:25:41","guid":{"rendered":"https:\/\/radiocresatelital.com\/?p=44495"},"modified":"2025-12-26T18:25:51","modified_gmt":"2025-12-26T18:25:51","slug":"red-de-salud-municipal-activa-y-preparada-frente-a-infecciones-respiratorias-estacionales","status":"publish","type":"post","link":"https:\/\/radiocresatelital.com\/?p=44495","title":{"rendered":"Red de salud municipal activa y preparada frente a infecciones respiratorias estacionales"},"content":{"rendered":"<p>Guayaquil.- Ante la inquietud ciudadana por el incremento de cuadros respiratorios propios de esta \u00e9poca del a\u00f1o, la Alcald\u00eda de Guayaquil hace un llamado a la prevenci\u00f3n responsable, al recordar que la circulaci\u00f3n de virus respiratorios responde a un comportamiento estacional habitual en la regi\u00f3n Costa y en la ciudad, previo a las fiestas de fin de a\u00f1o.<\/p>\n<p>Desde la red de salud municipal se explic\u00f3 que es com\u00fan la co-circulaci\u00f3n de varios virus respiratorios. As\u00ed lo se\u00f1al\u00f3 el doctor Andr\u00e9s D\u00edaz Armas, m\u00e9dico infect\u00f3logo y subdirector de Salud Municipal, quien indic\u00f3 que entre los agentes m\u00e1s frecuentes se encuentran la influenza A y B, el virus sincitial respiratorio, metapneumovirus, adenovirus y SARS-CoV2 (COVID-19).<\/p>\n<p>En ese contexto, precis\u00f3 que \u201cest\u00e1 el virus Sincitial respiratorio que tiene un poco m\u00e1s del 40%, Influenza y SARS-CoV-2 que es COVID. Entre los tres abarcan entre el m\u00e1s del 90 y 95 por ciento de todos los casos que llevaron a los pacientes a estar en una situaci\u00f3n de internarse ya sea en sala general o terapia intensiva\u201d.<\/p>\n<p>Durante 2025, la red de salud municipal ha atendido a m\u00e1s de 108 mil pacientes con diagn\u00f3sticos de enfermedades respiratorias. Actualmente, Guayaquil dispone de 55 establecimientos de salud operativos, abastecidos, con personal capacitado y atenci\u00f3n permanente para la atenci\u00f3n de estos cuadros.<\/p>\n<p><strong>S\u00edntomas y recomendaciones<\/strong><br \/>\nEl especialista record\u00f3 que los s\u00edntomas m\u00e1s comunes incluyen fiebre s\u00fabita, malestar general, congesti\u00f3n nasal y dolor de garganta. Recalc\u00f3 la importancia de no automedicarse, especialmente con antiinflamatorios como ibuprofeno o diclofenaco, debido al inicio de la temporada de dengue, ya que estos medicamentos pueden agravar<br \/>\nla enfermedad.<\/p>\n<p>Se recomienda acudir a un centro de salud si la fiebre persiste por m\u00e1s de dos d\u00edas, existe dificultad para respirar o se presentan signos de deshidrataci\u00f3n. En la mayor\u00eda de los casos, el tratamiento es sintom\u00e1tico, basado en reposo, hidrataci\u00f3n y paracetamol, salvo situaciones espec\u00edficas como la influenza.<\/p>\n<p>Finalmente, se exhorta a la ciudadan\u00eda a vacunarse, reforzar las medidas de higiene, usar mascarilla cuando existan s\u00edntomas respiratorios y extremar los cuidados en los grupos vulnerables, como ni\u00f1os menores de seis a\u00f1os, adultos mayores, personas con enfermedades cr\u00f3nicas, inmunosuprimidos y personal de salud. Compartir con responsabilidad tambi\u00e9n es una forma de cuidarnos.<\/p>\n","protected":false},"excerpt":{"rendered":"<p>Guayaquil.- Ante la inquietud ciudadana por el incremento de cuadros respiratorios propios de esta \u00e9poca del a\u00f1o, la Alcald\u00eda de Guayaquil hace un llamado a la prevenci\u00f3n responsable, al recordar que la circulaci\u00f3n de virus respiratorios responde a un comportamiento estacional habitual en la regi\u00f3n Costa y en la ciudad, previo a las fiestas de [&hellip;]<\/p>\n","protected":false},"author":2,"featured_media":44496,"comment_status":"open","ping_status":"closed","sticky":false,"template":"","format":"standard","meta":{"_jetpack_memberships_contains_paid_content":false,"footnotes":""},"categories":[33,13],"tags":[7177],"class_list":["post-44495","post","type-post","status-publish","format-standard","has-post-thumbnail","hentry","category-guayaquil","category-noticias-nacionales","tag-red-de-salud-municipal-activa"],"jetpack_featured_media_url":"https:\/\/radiocresatelital.com\/wp-content\/uploads\/2025\/12\/image00010.jpeg","jetpack_sharing_enabled":true,"_links":{"self":[{"href":"https:\/\/radiocresatelital.com\/index.php?rest_route=\/wp\/v2\/posts\/44495","targetHints":{"allow":["GET"]}}],"collection":[{"href":"https:\/\/radiocresatelital.com\/index.php?rest_route=\/wp\/v2\/posts"}],"about":[{"href":"https:\/\/radiocresatelital.com\/index.php?rest_route=\/wp\/v2\/types\/post"}],"author":[{"embeddable":true,"href":"https:\/\/radiocresatelital.com\/index.php?rest_route=\/wp\/v2\/users\/2"}],"replies":[{"embeddable":true,"href":"https:\/\/radiocresatelital.com\/index.php?rest_route=%2Fwp%2Fv2%2Fcomments&post=44495"}],"version-history":[{"count":1,"href":"https:\/\/radiocresatelital.com\/index.php?rest_route=\/wp\/v2\/posts\/44495\/revisions"}],"predecessor-version":[{"id":44497,"href":"https:\/\/radiocresatelital.com\/index.php?rest_route=\/wp\/v2\/posts\/44495\/revisions\/44497"}],"wp:featuredmedia":[{"embeddable":true,"href":"https:\/\/radiocresatelital.com\/index.php?rest_route=\/wp\/v2\/media\/44496"}],"wp:attachment":[{"href":"https:\/\/radiocresatelital.com\/index.php?rest_route=%2Fwp%2Fv2%2Fmedia&parent=44495"}],"wp:term":[{"taxonomy":"category","embeddable":true,"href":"https:\/\/radiocresatelital.com\/index.php?rest_route=%2Fwp%2Fv2%2Fcategories&post=44495"},{"taxonomy":"post_tag","embeddable":true,"href":"https:\/\/radiocresatelital.com\/index.php?rest_route=%2Fwp%2Fv2%2Ftags&post=44495"}],"curies":[{"name":"wp","href":"https:\/\/api.w.org\/{rel}","templated":true}]}}