{"id":44491,"date":"2025-12-26T18:20:22","date_gmt":"2025-12-26T18:20:22","guid":{"rendered":"https:\/\/radiocresatelital.com\/?p=44491"},"modified":"2025-12-26T18:21:24","modified_gmt":"2025-12-26T18:21:24","slug":"la-pirotecnia-no-es-super-una-campana-municipal-para-proteger-a-ninos-animales-y-el-ambiente","status":"publish","type":"post","link":"https:\/\/radiocresatelital.com\/?p=44491","title":{"rendered":"\u201cLa pirotecnia no es s\u00faper\u201d una campa\u00f1a municipal para proteger a ni\u00f1os, animales y el ambiente"},"content":{"rendered":"<p>Guayaquil.- Cada fin de a\u00f1o, el brillo y el estruendo de los fuegos artificiales marcan las celebraciones. Sin embargo, detr\u00e1s de los colores y el espect\u00e1culo se esconden riesgos que muchas veces pasan desapercibidos. Cada temporada, los accidentes por pirotecnia provocan quemaduras, amputaciones y secuelas permanentes, afectando de manera directa a quienes manipulan los explosivos y a quienes los rodean.<\/p>\n<p>Adem\u00e1s de los da\u00f1os f\u00edsicos visibles, la pirotecnia tiene efectos invisibles, pero igual de graves. Los ruidos intensos y repentinos pueden afectar a ni\u00f1os con discapacidad, generar estr\u00e9s en perros y gatos, y perturbar la fauna silvestre cercana. Los explosivos tambi\u00e9n contribuyen a la contaminaci\u00f3n ambiental, liberando sustancias qu\u00edmicas que afectan la calidad del aire y los ecosistemas urbanos y naturales. Lo que se ha vuelto costumbre durante las fiestas no deja de ser peligroso. La pirotecnia no otorga \u201csuperpoderes\u201d, sino consecuencias reales que pueden marcar vidas.<\/p>\n<p>La campa\u00f1a digital \u201cLa pirotecnia no es s\u00faper\u201d, impulsada por el Municipio de Guayaquil, nace con el objetivo de concienciar a la ciudadan\u00eda sobre estos riesgos. M\u00e1s all\u00e1 de evitar accidentes, la iniciativa busca promover un cambio cultural: que la diversi\u00f3n y la tradici\u00f3n no se traduzcan en lesiones ni sufrimiento para los m\u00e1s vulnerables.<\/p>\n<p>La Alcald\u00eda de Guayaquil exhorta a las familias a sumarse a esta propuesta, recordando que la responsabilidad durante las celebraciones es la mejor manera de recibir el nuevo a\u00f1o. Celebrar con cuidado y conciencia significa proteger vidas humanas, animales y el entorno, garantizando que las fiestas sean realmente un momento de alegr\u00eda y bienestar para todos.<\/p>\n","protected":false},"excerpt":{"rendered":"<p>Guayaquil.- Cada fin de a\u00f1o, el brillo y el estruendo de los fuegos artificiales marcan las celebraciones. Sin embargo, detr\u00e1s de los colores y el espect\u00e1culo se esconden riesgos que muchas veces pasan desapercibidos. Cada temporada, los accidentes por pirotecnia provocan quemaduras, amputaciones y secuelas permanentes, afectando de manera directa a quienes manipulan los explosivos [&hellip;]<\/p>\n","protected":false},"author":2,"featured_media":44494,"comment_status":"open","ping_status":"closed","sticky":false,"template":"","format":"standard","meta":{"_jetpack_memberships_contains_paid_content":false,"footnotes":""},"categories":[33,13],"tags":[7176],"class_list":["post-44491","post","type-post","status-publish","format-standard","has-post-thumbnail","hentry","category-guayaquil","category-noticias-nacionales","tag-la-pirotecnia-no-es-super"],"jetpack_featured_media_url":"https:\/\/radiocresatelital.com\/wp-content\/uploads\/2025\/12\/pirotecnia-gye.jpg","jetpack_sharing_enabled":true,"_links":{"self":[{"href":"https:\/\/radiocresatelital.com\/index.php?rest_route=\/wp\/v2\/posts\/44491","targetHints":{"allow":["GET"]}}],"collection":[{"href":"https:\/\/radiocresatelital.com\/index.php?rest_route=\/wp\/v2\/posts"}],"about":[{"href":"https:\/\/radiocresatelital.com\/index.php?rest_route=\/wp\/v2\/types\/post"}],"author":[{"embeddable":true,"href":"https:\/\/radiocresatelital.com\/index.php?rest_route=\/wp\/v2\/users\/2"}],"replies":[{"embeddable":true,"href":"https:\/\/radiocresatelital.com\/index.php?rest_route=%2Fwp%2Fv2%2Fcomments&post=44491"}],"version-history":[{"count":1,"href":"https:\/\/radiocresatelital.com\/index.php?rest_route=\/wp\/v2\/posts\/44491\/revisions"}],"predecessor-version":[{"id":44493,"href":"https:\/\/radiocresatelital.com\/index.php?rest_route=\/wp\/v2\/posts\/44491\/revisions\/44493"}],"wp:featuredmedia":[{"embeddable":true,"href":"https:\/\/radiocresatelital.com\/index.php?rest_route=\/wp\/v2\/media\/44494"}],"wp:attachment":[{"href":"https:\/\/radiocresatelital.com\/index.php?rest_route=%2Fwp%2Fv2%2Fmedia&parent=44491"}],"wp:term":[{"taxonomy":"category","embeddable":true,"href":"https:\/\/radiocresatelital.com\/index.php?rest_route=%2Fwp%2Fv2%2Fcategories&post=44491"},{"taxonomy":"post_tag","embeddable":true,"href":"https:\/\/radiocresatelital.com\/index.php?rest_route=%2Fwp%2Fv2%2Ftags&post=44491"}],"curies":[{"name":"wp","href":"https:\/\/api.w.org\/{rel}","templated":true}]}}