{"id":44482,"date":"2025-12-23T23:24:47","date_gmt":"2025-12-23T23:24:47","guid":{"rendered":"https:\/\/radiocresatelital.com\/?p=44482"},"modified":"2025-12-23T23:24:47","modified_gmt":"2025-12-23T23:24:47","slug":"en-pichincha-mas-viviendas-se-suman-al-programa-miti-miti-impulsado-por-el-presidente-daniel-noboa","status":"publish","type":"post","link":"https:\/\/radiocresatelital.com\/?p=44482","title":{"rendered":"En Pichincha, m\u00e1s viviendas se suman al programa Miti \u2013 Miti impulsado por el Presidente Daniel Noboa"},"content":{"rendered":"<p>Quito.- El Ministro de Infraestructura y Transporte, Roberto Luque, junto al viceministro de Vivienda, Daniel Elmir, realizaron una visita oficial al proyecto habitacional Vivah, ubicado en la parroquia Tumbaco, barrio La Morita, al nororiente de Quito. Esta iniciativa forma parte del programa Tu Casa Miti-Miti, una de las principales pol\u00edticas de vivienda impulsadas por el Gobierno del presidente Daniel Noboa.<\/p>\n<p>El proyecto Vivah contempla la construcci\u00f3n de 170 viviendas en un \u00e1rea total de 16.944 m\u00b2, de las cuales 63 unidades est\u00e1n disponibles para el acceso a la primera vivienda a trav\u00e9s del cr\u00e9dito Miti-Miti, impulsado por el Ministerio de Infraestructura y Transporte (MIT).<\/p>\n<p>Las viviendas cuentan con tres dormitorios y forman parte de un entorno planificado que incluye m\u00e1s de 6.000 m\u00b2 de \u00e1reas verdes, recreativas y jardines comunales, adem\u00e1s de espacios cubiertos, juegos infantiles y coworking, gimnasio, piscina, canchas multiuso, huertos y camineras, desarrollados bajo criterios de construcci\u00f3n sostenible.<\/p>\n<p>La inversi\u00f3n total del proyecto asciende a USD 15,3 millones, lo que ha permitido la generaci\u00f3n de 850 empleos directos e indirectos, aportando al dinamismo econ\u00f3mico y al desarrollo local de la zona.<\/p>\n<p>Durante la visita, el ministro Roberto Luque resalt\u00f3 el impacto social del programa y la importancia del trabajo articulado entre el sector p\u00fablico y privado. \u201cCon el programa Tu Casa Miti-Miti demostramos que, cuando el Estado y el sector privado trabajan de manera coordinada, es posible reducir el d\u00e9ficit habitacional y garantizar a m\u00e1s familias el acceso a una vivienda digna, segura y con condiciones justas de financiamiento\u201d, se\u00f1al\u00f3.<\/p>\n<p>En la provincia de Pichincha, en el marco del programa, se registran 418 proyectos, 5.583 viviendas y 2.289 colocaciones de cr\u00e9dito correspondientes a viviendas de inter\u00e9s social y viviendas de inter\u00e9s p\u00fablico, reflejando el avance sostenido de esta pol\u00edtica en la provincia.<\/p>\n<p>A escala nacional, el programa Miti-Miti ha permitido la entrega de 7.271 viviendas a familias ecuatorianas, con un aporte estatal de USD 138 millones, ratificando el compromiso del Gobierno del presidente Daniel Noboa de reducir el d\u00e9ficit habitacional y avanzar hacia la meta de 200.000 soluciones habitacionales.<\/p>\n<p>Por su parte, G\u00e9nesis Pozo, beneficiaria del proyecto Vivah, destac\u00f3 el impacto directo del programa en la vida de las familias. \u201cGracias a este programa hoy podemos cumplir el sue\u00f1o de tener casa propia. Es una oportunidad que cambia la vida de nuestras familias y nos brinda estabilidad y esperanza\u201d, expres\u00f3, al resaltar el trabajo que impulsa el Nuevo Ecuador en el sector de la vivienda.<\/p>\n<p>Con iniciativas como Vivah, el Gobierno Nacional reafirma su compromiso de convertir la vivienda digna en una oportunidad real, fortaleciendo alianzas p\u00fablico-privadas que generan empleo, dinamizan la econom\u00eda y mejoran la calidad de vida de miles de familias en el Ecuador.<\/p>\n<p>Conoce los proyectos que forman parte del programa Miti \u2013 Miti en:\u00a0<a href=\"https:\/\/www.mit.gob.ec\/miti-miti\/\">https:\/\/www.mit.gob.ec\/miti-miti\/<\/a><\/p>\n","protected":false},"excerpt":{"rendered":"<p>Quito.- El Ministro de Infraestructura y Transporte, Roberto Luque, junto al viceministro de Vivienda, Daniel Elmir, realizaron una visita oficial al proyecto habitacional Vivah, ubicado en la parroquia Tumbaco, barrio La Morita, al nororiente de Quito. Esta iniciativa forma parte del programa Tu Casa Miti-Miti, una de las principales pol\u00edticas de vivienda impulsadas por el [&hellip;]<\/p>\n","protected":false},"author":2,"featured_media":44483,"comment_status":"open","ping_status":"closed","sticky":false,"template":"","format":"standard","meta":{"_jetpack_memberships_contains_paid_content":false,"footnotes":""},"categories":[13],"tags":[5915,1394],"class_list":["post-44482","post","type-post","status-publish","format-standard","has-post-thumbnail","hentry","category-noticias-nacionales","tag-ministro-de-infraestructura-y-transporte","tag-roberto-luque"],"jetpack_featured_media_url":"https:\/\/radiocresatelital.com\/wp-content\/uploads\/2025\/12\/WhatsApp-Image-2025-12-23-at-4.43.37-PM-1536x850-1.jpeg","jetpack_sharing_enabled":true,"_links":{"self":[{"href":"https:\/\/radiocresatelital.com\/index.php?rest_route=\/wp\/v2\/posts\/44482","targetHints":{"allow":["GET"]}}],"collection":[{"href":"https:\/\/radiocresatelital.com\/index.php?rest_route=\/wp\/v2\/posts"}],"about":[{"href":"https:\/\/radiocresatelital.com\/index.php?rest_route=\/wp\/v2\/types\/post"}],"author":[{"embeddable":true,"href":"https:\/\/radiocresatelital.com\/index.php?rest_route=\/wp\/v2\/users\/2"}],"replies":[{"embeddable":true,"href":"https:\/\/radiocresatelital.com\/index.php?rest_route=%2Fwp%2Fv2%2Fcomments&post=44482"}],"version-history":[{"count":1,"href":"https:\/\/radiocresatelital.com\/index.php?rest_route=\/wp\/v2\/posts\/44482\/revisions"}],"predecessor-version":[{"id":44484,"href":"https:\/\/radiocresatelital.com\/index.php?rest_route=\/wp\/v2\/posts\/44482\/revisions\/44484"}],"wp:featuredmedia":[{"embeddable":true,"href":"https:\/\/radiocresatelital.com\/index.php?rest_route=\/wp\/v2\/media\/44483"}],"wp:attachment":[{"href":"https:\/\/radiocresatelital.com\/index.php?rest_route=%2Fwp%2Fv2%2Fmedia&parent=44482"}],"wp:term":[{"taxonomy":"category","embeddable":true,"href":"https:\/\/radiocresatelital.com\/index.php?rest_route=%2Fwp%2Fv2%2Fcategories&post=44482"},{"taxonomy":"post_tag","embeddable":true,"href":"https:\/\/radiocresatelital.com\/index.php?rest_route=%2Fwp%2Fv2%2Ftags&post=44482"}],"curies":[{"name":"wp","href":"https:\/\/api.w.org\/{rel}","templated":true}]}}