{"id":44479,"date":"2025-12-23T23:23:08","date_gmt":"2025-12-23T23:23:08","guid":{"rendered":"https:\/\/radiocresatelital.com\/?p=44479"},"modified":"2025-12-23T23:23:16","modified_gmt":"2025-12-23T23:23:16","slug":"papa-noel-y-espectaculos-llenaron-de-magia-el-polifuncional-viernes-santo","status":"publish","type":"post","link":"https:\/\/radiocresatelital.com\/?p=44479","title":{"rendered":"Pap\u00e1 Noel y espect\u00e1culos llenaron de magia el polifuncional Viernes Santo"},"content":{"rendered":"<p>Guayaquil.- Con m\u00fasica, juegos y diversi\u00f3n, 180 ni\u00f1os del sur de Guayaquil vivieron una ma\u00f1ana m\u00e1gica este martes gracias al programa Navidad de Todos, organizado por Empresa P\u00fablica Municipal de Acci\u00f3n Social y Educaci\u00f3n de Guayaquil, EP DASE en las instalaciones del polifuncional Viernes Santo.<\/p>\n<p>Los peque\u00f1os disfrutaron de un programa lleno de color y creatividad, que incluy\u00f3 coreograf\u00edas interpretadas por duendes, hadas y payasos, adem\u00e1s de la presencia de Pap\u00e1 Noel, quien transmiti\u00f3 un mensaje de paz y uni\u00f3n familiar.<\/p>\n<p>La jornada continu\u00f3 con un espect\u00e1culo a cargo del Festival de Alegr\u00eda Ciudadana, tambi\u00e9n gestionado por la empresa municipal, que ofreci\u00f3 t\u00edteres, malabaristas y magos que encantaron a los asistentes con sus destrezas y trucos.<\/p>\n<p>El programa estuvo dirigido a ni\u00f1os y adultos de sectores como Fertisa, Guasmo, Santa M\u00f3nica, Viernes Santo, La Fragata y la cooperativa Jaime Rold\u00f3s, quienes frecuentan el polifuncional para actividades deportivas, piscina y otros servicios municipales.<\/p>\n<p>\u201cMi ni\u00f1a siempre para ac\u00e1, es un muy buen servicio, gracias al Alcalde porque de verdad estos servicios son lo que necesitan los ni\u00f1os, que siempre se haga esto todos los a\u00f1os, porque de verdad los ni\u00f1os son los que se benefician\u201d, asegur\u00f3 Jenny Godoy, habitante de La Fragata.<\/p>\n","protected":false},"excerpt":{"rendered":"<p>Guayaquil.- Con m\u00fasica, juegos y diversi\u00f3n, 180 ni\u00f1os del sur de Guayaquil vivieron una ma\u00f1ana m\u00e1gica este martes gracias al programa Navidad de Todos, organizado por Empresa P\u00fablica Municipal de Acci\u00f3n Social y Educaci\u00f3n de Guayaquil, EP DASE en las instalaciones del polifuncional Viernes Santo. Los peque\u00f1os disfrutaron de un programa lleno de color y [&hellip;]<\/p>\n","protected":false},"author":2,"featured_media":44480,"comment_status":"open","ping_status":"closed","sticky":false,"template":"","format":"standard","meta":{"_jetpack_memberships_contains_paid_content":false,"footnotes":""},"categories":[33,13],"tags":[7174],"class_list":["post-44479","post","type-post","status-publish","format-standard","has-post-thumbnail","hentry","category-guayaquil","category-noticias-nacionales","tag-empresa-publica-municipal-de-accion-social-y-educacion-de-guayaquil"],"jetpack_featured_media_url":"https:\/\/radiocresatelital.com\/wp-content\/uploads\/2025\/12\/IMG-20251223-WA0265-scaled.jpg","jetpack_sharing_enabled":true,"_links":{"self":[{"href":"https:\/\/radiocresatelital.com\/index.php?rest_route=\/wp\/v2\/posts\/44479","targetHints":{"allow":["GET"]}}],"collection":[{"href":"https:\/\/radiocresatelital.com\/index.php?rest_route=\/wp\/v2\/posts"}],"about":[{"href":"https:\/\/radiocresatelital.com\/index.php?rest_route=\/wp\/v2\/types\/post"}],"author":[{"embeddable":true,"href":"https:\/\/radiocresatelital.com\/index.php?rest_route=\/wp\/v2\/users\/2"}],"replies":[{"embeddable":true,"href":"https:\/\/radiocresatelital.com\/index.php?rest_route=%2Fwp%2Fv2%2Fcomments&post=44479"}],"version-history":[{"count":1,"href":"https:\/\/radiocresatelital.com\/index.php?rest_route=\/wp\/v2\/posts\/44479\/revisions"}],"predecessor-version":[{"id":44481,"href":"https:\/\/radiocresatelital.com\/index.php?rest_route=\/wp\/v2\/posts\/44479\/revisions\/44481"}],"wp:featuredmedia":[{"embeddable":true,"href":"https:\/\/radiocresatelital.com\/index.php?rest_route=\/wp\/v2\/media\/44480"}],"wp:attachment":[{"href":"https:\/\/radiocresatelital.com\/index.php?rest_route=%2Fwp%2Fv2%2Fmedia&parent=44479"}],"wp:term":[{"taxonomy":"category","embeddable":true,"href":"https:\/\/radiocresatelital.com\/index.php?rest_route=%2Fwp%2Fv2%2Fcategories&post=44479"},{"taxonomy":"post_tag","embeddable":true,"href":"https:\/\/radiocresatelital.com\/index.php?rest_route=%2Fwp%2Fv2%2Ftags&post=44479"}],"curies":[{"name":"wp","href":"https:\/\/api.w.org\/{rel}","templated":true}]}}