{"id":44432,"date":"2025-12-23T19:18:48","date_gmt":"2025-12-23T19:18:48","guid":{"rendered":"https:\/\/radiocresatelital.com\/?p=44432"},"modified":"2025-12-23T19:18:48","modified_gmt":"2025-12-23T19:18:48","slug":"en-guayaquil-la-iglesia-la-merced-fue-el-escenario-del-concierto-sinfonia-de-navidad-organizado-por-la-prefectura-a-traves-del-proyecto-guayas-sinfonica-que-puso-en-escena-a-150-jo","status":"publish","type":"post","link":"https:\/\/radiocresatelital.com\/?p=44432","title":{"rendered":"En Guayaquil, la Iglesia La Merced fue el escenario del Concierto \u201cSinfon\u00eda de Navidad\u201d organizado por la Prefectura a trav\u00e9s del proyecto Guayas Sinf\u00f3nica, que puso en escena a 150 j\u00f3venes talentos de la  provincia"},"content":{"rendered":"<p>Guayaquil.- Como parte de su trabajo de formaci\u00f3n art\u00edstica en la provincia, 150 ni\u00f1as, ni\u00f1os y j\u00f3venes integrantes de Guayas Sinf\u00f3nica, programa impulsado por la Prefectura del Guayas, participaron en el concierto &#8216;Sinfon\u00eda de Navidad&#8217;.<\/p>\n<p>La Bas\u00edlica Menor de Nuestra Se\u00f1ora de La Merced fue el escenario de la jornada musical que reuni\u00f3 al coro y la orquesta, para interpretar un repertorio que combin\u00f3 villancicos tradicionales como &#8216;Mi burrito sabanero&#8217;, &#8216;Jingle Bells&#8217; y un mosaico de canciones navide\u00f1as ecuatorianas.<\/p>\n<p>La actividad organizada por el Gobierno Provincial, el pasado viernes 19 de diciembre, gener\u00f3 un ambiente de recogimiento, alegr\u00eda y celebraci\u00f3n familiar. Un evento que se suma a las presentaciones que Guayas Sinf\u00f3nica ha programado en distintos centros comerciales de Guayaquil.<\/p>\n<p>Daniel V\u00e9lez, p\u00e1rroco y superior de la Iglesia La Merced, destac\u00f3 la importancia de este tipo de iniciativas y el impacto que generan en la sociedad: \u201cEspectacular, realmente es maravilloso. Que la ciudad tenga un grupo as\u00ed nos alegra, pero sobre todo que la Prefectura se preocupe por los ni\u00f1os y los j\u00f3venes para que est\u00e9n encaminados en<br \/>\nDios, en el bien divino\u201d, afirm\u00f3.<\/p>\n<p>La agenda cultural propuesta por la Prefectura del Guayas, busca ampliar el acceso a eventos musicales gratuitos en espacios abiertos, tanto para ni\u00f1os, como j\u00f3venes y adultos.<\/p>\n","protected":false},"excerpt":{"rendered":"<p>Guayaquil.- Como parte de su trabajo de formaci\u00f3n art\u00edstica en la provincia, 150 ni\u00f1as, ni\u00f1os y j\u00f3venes integrantes de Guayas Sinf\u00f3nica, programa impulsado por la Prefectura del Guayas, participaron en el concierto &#8216;Sinfon\u00eda de Navidad&#8217;. La Bas\u00edlica Menor de Nuestra Se\u00f1ora de La Merced fue el escenario de la jornada musical que reuni\u00f3 al coro [&hellip;]<\/p>\n","protected":false},"author":2,"featured_media":44436,"comment_status":"open","ping_status":"closed","sticky":false,"template":"","format":"standard","meta":{"_jetpack_memberships_contains_paid_content":false,"footnotes":""},"categories":[33,13],"tags":[7167],"class_list":["post-44432","post","type-post","status-publish","format-standard","has-post-thumbnail","hentry","category-guayaquil","category-noticias-nacionales","tag-basilica-menor-de-nuestra-senora-de-la-merced"],"jetpack_featured_media_url":"https:\/\/radiocresatelital.com\/wp-content\/uploads\/2025\/12\/G82919KWAAAXMP5.jpg","jetpack_sharing_enabled":true,"_links":{"self":[{"href":"https:\/\/radiocresatelital.com\/index.php?rest_route=\/wp\/v2\/posts\/44432","targetHints":{"allow":["GET"]}}],"collection":[{"href":"https:\/\/radiocresatelital.com\/index.php?rest_route=\/wp\/v2\/posts"}],"about":[{"href":"https:\/\/radiocresatelital.com\/index.php?rest_route=\/wp\/v2\/types\/post"}],"author":[{"embeddable":true,"href":"https:\/\/radiocresatelital.com\/index.php?rest_route=\/wp\/v2\/users\/2"}],"replies":[{"embeddable":true,"href":"https:\/\/radiocresatelital.com\/index.php?rest_route=%2Fwp%2Fv2%2Fcomments&post=44432"}],"version-history":[{"count":1,"href":"https:\/\/radiocresatelital.com\/index.php?rest_route=\/wp\/v2\/posts\/44432\/revisions"}],"predecessor-version":[{"id":44437,"href":"https:\/\/radiocresatelital.com\/index.php?rest_route=\/wp\/v2\/posts\/44432\/revisions\/44437"}],"wp:featuredmedia":[{"embeddable":true,"href":"https:\/\/radiocresatelital.com\/index.php?rest_route=\/wp\/v2\/media\/44436"}],"wp:attachment":[{"href":"https:\/\/radiocresatelital.com\/index.php?rest_route=%2Fwp%2Fv2%2Fmedia&parent=44432"}],"wp:term":[{"taxonomy":"category","embeddable":true,"href":"https:\/\/radiocresatelital.com\/index.php?rest_route=%2Fwp%2Fv2%2Fcategories&post=44432"},{"taxonomy":"post_tag","embeddable":true,"href":"https:\/\/radiocresatelital.com\/index.php?rest_route=%2Fwp%2Fv2%2Ftags&post=44432"}],"curies":[{"name":"wp","href":"https:\/\/api.w.org\/{rel}","templated":true}]}}