{"id":44428,"date":"2025-12-23T19:12:20","date_gmt":"2025-12-23T19:12:20","guid":{"rendered":"https:\/\/radiocresatelital.com\/?p=44428"},"modified":"2025-12-23T19:12:20","modified_gmt":"2025-12-23T19:12:20","slug":"ecuador-impulsa-la-proteccion-de-ecosistemas-de-manglar-presidente-daniel-noboa-destina-una-inversion-de-4-millones-de-dolares","status":"publish","type":"post","link":"https:\/\/radiocresatelital.com\/?p=44428","title":{"rendered":"Ecuador impulsa la protecci\u00f3n de ecosistemas de manglar: Presidente Daniel Noboa destina una inversi\u00f3n de 4 millones de d\u00f3lares"},"content":{"rendered":"<p class=\"has-medium-font-size\">El Ministerio de Ambiente y Energ\u00eda (MAE) fortalece la conservaci\u00f3n de los manglares mediante la capitalizaci\u00f3n de la subcuenta Manglares para el Clima con una donaci\u00f3n de cuatro millones de d\u00f3lares, financiada por el Fondo Verde para el Clima (GCF). Esta acci\u00f3n consolida un instrumento financiero estrat\u00e9gico orientado a garantizar la sostenibilidad econ\u00f3mica de las organizaciones que mantienen Acuerdos de Uso y Custodia del Manglar (AUSCEM) a perpetuidad.<\/p>\n<p class=\"has-medium-font-size\">La iniciativa, enmarcada en el proyecto Manglares para el Clima liderado por el MAE, coejecutado por Conservaci\u00f3n Internacional Ecuador y canalizado a trav\u00e9s del Fondo de Inversi\u00f3n Ambiental Sostenible (FIAS), promueve un enfoque colaborativo para la conservaci\u00f3n y gesti\u00f3n integral de los manglares, articulando esfuerzos entre el sector p\u00fablico, privado, cooperaci\u00f3n internacional, asociaciones y comunidades locales.<\/p>\n<p class=\"has-medium-font-size\">Los recursos ser\u00e1n administrados por el FIAS mediante su programa Socio Bosque\/Socio Manglar, mecanismo financiero estatal que asegura el manejo transparente y sostenible de los fondos, fortaleciendo la protecci\u00f3n de estos ecosistemas estrat\u00e9gicos para enfrentar las amenazas del cambio clim\u00e1tico.<\/p>\n<p class=\"has-medium-font-size\">El proyecto se enfoca en cuatro estuarios del pa\u00eds: Cayapas-Mataje, Muisne, el Golfo de Guayaquil y el Archipi\u00e9lago de Jambel\u00ed, zonas clave por su alta biodiversidad y el rol que cumplen los manglares en la mitigaci\u00f3n y adaptaci\u00f3n clim\u00e1tica.<\/p>\n<p class=\"has-medium-font-size\">Mediante acciones planificadas a lo largo de seis a\u00f1os se prev\u00e9:<\/p>\n<ul class=\"wp-block-list\">\n<li class=\"has-medium-font-size\">Mejorar los medios de vida de m\u00e1s 41.500 personas.<\/li>\n<li class=\"has-medium-font-size\">Reforzar la protecci\u00f3n de m\u00e1s de 3.400 habitantes frente a riesgos clim\u00e1ticos de inundaciones.<\/li>\n<li class=\"has-medium-font-size\">Reducir la p\u00e9rdida de manglares.<\/li>\n<li class=\"has-medium-font-size\">Evitar la emisi\u00f3n de aproximadamente 4.6 millones de toneladas equivalentes de CO<sub>2<\/sub>.<\/li>\n<\/ul>\n<p class=\"has-medium-font-size\">Con la capitalizaci\u00f3n inicial de la subcuenta, al menos 20 organizaciones ser\u00e1n beneficiarias directas, fortaleciendo la sostenibilidad de los AUSCEM. Actualmente, en el pa\u00eds existen 90 acuerdos oficializados que benefician a m\u00e1s de 6.000 personas, reflejando el alcance social y ambiental de este modelo referente de conservaci\u00f3n.<\/p>\n<p class=\"has-medium-font-size\">El Ministerio de Ambiente y Energ\u00eda reafirma su compromiso con la protecci\u00f3n de los manglares y con la implementaci\u00f3n de acciones que aseguren la conservaci\u00f3n efectiva de estos ecosistemas, el bienestar de las comunidades locales y la acci\u00f3n clim\u00e1tica en beneficio del planeta.<\/p>\n","protected":false},"excerpt":{"rendered":"<p>El Ministerio de Ambiente y Energ\u00eda (MAE) fortalece la conservaci\u00f3n de los manglares mediante la capitalizaci\u00f3n de la subcuenta Manglares para el Clima con una donaci\u00f3n de cuatro millones de d\u00f3lares, financiada por el Fondo Verde para el Clima (GCF). Esta acci\u00f3n consolida un instrumento financiero estrat\u00e9gico orientado a garantizar la sostenibilidad econ\u00f3mica de las [&hellip;]<\/p>\n","protected":false},"author":2,"featured_media":44430,"comment_status":"open","ping_status":"closed","sticky":false,"template":"","format":"standard","meta":{"_jetpack_memberships_contains_paid_content":false,"footnotes":""},"categories":[13],"tags":[5422],"class_list":["post-44428","post","type-post","status-publish","format-standard","has-post-thumbnail","hentry","category-noticias-nacionales","tag-ministerio-de-ambiente-y-energia"],"jetpack_featured_media_url":"https:\/\/radiocresatelital.com\/wp-content\/uploads\/2025\/12\/O1tmxS8hdfC0oqAsVhuM.jpg","jetpack_sharing_enabled":true,"_links":{"self":[{"href":"https:\/\/radiocresatelital.com\/index.php?rest_route=\/wp\/v2\/posts\/44428","targetHints":{"allow":["GET"]}}],"collection":[{"href":"https:\/\/radiocresatelital.com\/index.php?rest_route=\/wp\/v2\/posts"}],"about":[{"href":"https:\/\/radiocresatelital.com\/index.php?rest_route=\/wp\/v2\/types\/post"}],"author":[{"embeddable":true,"href":"https:\/\/radiocresatelital.com\/index.php?rest_route=\/wp\/v2\/users\/2"}],"replies":[{"embeddable":true,"href":"https:\/\/radiocresatelital.com\/index.php?rest_route=%2Fwp%2Fv2%2Fcomments&post=44428"}],"version-history":[{"count":1,"href":"https:\/\/radiocresatelital.com\/index.php?rest_route=\/wp\/v2\/posts\/44428\/revisions"}],"predecessor-version":[{"id":44431,"href":"https:\/\/radiocresatelital.com\/index.php?rest_route=\/wp\/v2\/posts\/44428\/revisions\/44431"}],"wp:featuredmedia":[{"embeddable":true,"href":"https:\/\/radiocresatelital.com\/index.php?rest_route=\/wp\/v2\/media\/44430"}],"wp:attachment":[{"href":"https:\/\/radiocresatelital.com\/index.php?rest_route=%2Fwp%2Fv2%2Fmedia&parent=44428"}],"wp:term":[{"taxonomy":"category","embeddable":true,"href":"https:\/\/radiocresatelital.com\/index.php?rest_route=%2Fwp%2Fv2%2Fcategories&post=44428"},{"taxonomy":"post_tag","embeddable":true,"href":"https:\/\/radiocresatelital.com\/index.php?rest_route=%2Fwp%2Fv2%2Ftags&post=44428"}],"curies":[{"name":"wp","href":"https:\/\/api.w.org\/{rel}","templated":true}]}}