{"id":44405,"date":"2025-12-23T18:26:02","date_gmt":"2025-12-23T18:26:02","guid":{"rendered":"https:\/\/radiocresatelital.com\/?p=44405"},"modified":"2025-12-23T18:26:10","modified_gmt":"2025-12-23T18:26:10","slug":"mejor-atleta-junior-femenina-panam-sports-awards-2025","status":"publish","type":"post","link":"https:\/\/radiocresatelital.com\/?p=44405","title":{"rendered":"Mejor Atleta Junior Femenina | Panam Sports Awards 2025"},"content":{"rendered":"<section class=\"elementor-section elementor-top-section elementor-element elementor-element-b8b9ad4 elementor-section-boxed elementor-section-height-default elementor-section-height-default\" data-id=\"b8b9ad4\" data-element_type=\"section\">\n<div class=\"elementor-container elementor-column-gap-default\">\n<div class=\"elementor-column elementor-col-100 elementor-top-column elementor-element elementor-element-5bcf4ee\" data-id=\"5bcf4ee\" data-element_type=\"column\">\n<div class=\"elementor-widget-wrap elementor-element-populated\">\n<section class=\"elementor-section elementor-inner-section elementor-element elementor-element-303b5ba elementor-section-boxed elementor-section-height-default elementor-section-height-default\" data-id=\"303b5ba\" data-element_type=\"section\">\n<div class=\"elementor-container elementor-column-gap-default\">\n<div class=\"elementor-column elementor-col-50 elementor-inner-column elementor-element elementor-element-9b63e97\" data-id=\"9b63e97\" data-element_type=\"column\">\n<div class=\"elementor-widget-wrap elementor-element-populated\">\n<div class=\"elementor-element elementor-element-cb2de68 elementor-widget elementor-widget-spacer\" data-id=\"cb2de68\" data-element_type=\"widget\" data-widget_type=\"spacer.default\">\n<div class=\"elementor-widget-container\">\n<div class=\"elementor-spacer\">\n<div class=\"elementor-spacer-inner\">Guayaquil.- Jessica Palacios, deportista ecuatoriana del levantamiento de pesas, fue reconocida como <strong data-start=\"308\" data-end=\"340\">Mejor Atleta Junior Femenina<\/strong>\u00a0en los\u00a0<strong data-start=\"348\" data-end=\"383\">Panam Sports Awards Junior 2025<\/strong>, tras obtener el 24,16 % de los votos emitidos en la votaci\u00f3n continental organizada por Panam Sports.<\/div>\n<\/div>\n<\/div>\n<\/div>\n<div class=\"elementor-element elementor-element-7da7327 noticiaTexto elementor-widget elementor-widget-theme-post-content\" data-id=\"7da7327\" data-element_type=\"widget\" data-widget_type=\"theme-post-content.default\">\n<div class=\"elementor-widget-container\">\n<p data-start=\"492\" data-end=\"770\">El proceso de elecci\u00f3n se desarroll\u00f3 durante 20 d\u00edas y cont\u00f3 con la participaci\u00f3n de m\u00e1s de 45.000 votos a trav\u00e9s del sitio web oficial del organismo deportivo. Los resultados fueron oficializados este lunes 22 de diciembre, una vez concluido el periodo de votaci\u00f3n.<\/p>\n<p data-start=\"772\" data-end=\"1159\">La pesista alcanz\u00f3 esta distinci\u00f3n gracias a su actuaci\u00f3n en los Juegos Panamericanos Junior ASU2025, donde obtuvo la medalla de oro en su categor\u00eda y estableci\u00f3 dos nuevos r\u00e9cords del evento: 100 kilogramos en arranque y 222 kilogramos en el total ol\u00edmpico. Estos resultados le permitieron, adem\u00e1s, asegurar su clasificaci\u00f3n a los Juegos Panamericanos Lima 2027.<\/p>\n<p>Tras recibir el reconocimiento, Palacios destac\u00f3 el respaldo de su entorno y el significado del premio en su proceso deportivo: \u201cEstoy muy agradecida con Dios, con mis hermanas, con mi familia y con todas las personas que han estado apoy\u00e1ndome e impuls\u00e1ndome a ser mejor cada d\u00eda en este deporte\u201d, se\u00f1al\u00f3. A\u00f1adi\u00f3 que el galard\u00f3n refleja \u201clos a\u00f1os de sacrificio, esfuerzo y dedicaci\u00f3n\u201d invertidos en su carrera.<\/p>\n<p data-start=\"772\" data-end=\"1159\"><img decoding=\"async\" src=\"https:\/\/coe.org.ec\/wp-content\/uploads\/2025\/12\/5-e1766437759752.png\" alt=\"5\" \/>La atleta tambi\u00e9n se refiri\u00f3 a sus pr\u00f3ximos objetivos deportivos, enfocados en el alto rendimiento internacional: \u201cSeguiremos entrenando y prepar\u00e1ndonos. Se acerca la clasificaci\u00f3n a Juegos Ol\u00edmpicos y la meta es tratar de meternos con todo para poder clasificar\u201d, indic\u00f3.<\/p>\n<p data-start=\"1849\" data-end=\"2114\">Jessica Palacios es la menor de las tres hermanas Dajomes-Palacios, familia vinculada hist\u00f3ricamente al levantamiento de pesas en Ecuador. Su desempe\u00f1o en ASU2025 la posiciona como una de las principales representantes juveniles del continente en su disciplina.<\/p>\n<p data-start=\"2116\" data-end=\"2303\">Los ganadores de los Panam Sports Awards Junior 2025 recibir\u00e1n su reconocimiento oficial durante la Asamblea General de Panam Sports, prevista para el primer semestre de 2026.<\/p>\n<\/div>\n<\/div>\n<\/div>\n<\/div>\n<\/div>\n<\/section>\n<\/div>\n<\/div>\n<\/div>\n<\/section>\n","protected":false},"excerpt":{"rendered":"<p>Guayaquil.- Jessica Palacios, deportista ecuatoriana del levantamiento de pesas, fue reconocida como Mejor Atleta Junior Femenina\u00a0en los\u00a0Panam Sports Awards Junior 2025, tras obtener el 24,16 % de los votos emitidos en la votaci\u00f3n continental organizada por Panam Sports. El proceso de elecci\u00f3n se desarroll\u00f3 durante 20 d\u00edas y cont\u00f3 con la participaci\u00f3n de m\u00e1s de [&hellip;]<\/p>\n","protected":false},"author":2,"featured_media":44406,"comment_status":"open","ping_status":"closed","sticky":false,"template":"","format":"standard","meta":{"_jetpack_memberships_contains_paid_content":false,"footnotes":""},"categories":[9],"tags":[7160,7159,7158],"class_list":["post-44405","post","type-post","status-publish","format-standard","has-post-thumbnail","hentry","category-deportes","tag-jessica-palacios","tag-mejor-atleta-junior-femenina","tag-panam-sports-awards-junior-2025"],"jetpack_featured_media_url":"https:\/\/radiocresatelital.com\/wp-content\/uploads\/2025\/12\/4-1-e1766437710695.png","jetpack_sharing_enabled":true,"_links":{"self":[{"href":"https:\/\/radiocresatelital.com\/index.php?rest_route=\/wp\/v2\/posts\/44405","targetHints":{"allow":["GET"]}}],"collection":[{"href":"https:\/\/radiocresatelital.com\/index.php?rest_route=\/wp\/v2\/posts"}],"about":[{"href":"https:\/\/radiocresatelital.com\/index.php?rest_route=\/wp\/v2\/types\/post"}],"author":[{"embeddable":true,"href":"https:\/\/radiocresatelital.com\/index.php?rest_route=\/wp\/v2\/users\/2"}],"replies":[{"embeddable":true,"href":"https:\/\/radiocresatelital.com\/index.php?rest_route=%2Fwp%2Fv2%2Fcomments&post=44405"}],"version-history":[{"count":2,"href":"https:\/\/radiocresatelital.com\/index.php?rest_route=\/wp\/v2\/posts\/44405\/revisions"}],"predecessor-version":[{"id":44408,"href":"https:\/\/radiocresatelital.com\/index.php?rest_route=\/wp\/v2\/posts\/44405\/revisions\/44408"}],"wp:featuredmedia":[{"embeddable":true,"href":"https:\/\/radiocresatelital.com\/index.php?rest_route=\/wp\/v2\/media\/44406"}],"wp:attachment":[{"href":"https:\/\/radiocresatelital.com\/index.php?rest_route=%2Fwp%2Fv2%2Fmedia&parent=44405"}],"wp:term":[{"taxonomy":"category","embeddable":true,"href":"https:\/\/radiocresatelital.com\/index.php?rest_route=%2Fwp%2Fv2%2Fcategories&post=44405"},{"taxonomy":"post_tag","embeddable":true,"href":"https:\/\/radiocresatelital.com\/index.php?rest_route=%2Fwp%2Fv2%2Ftags&post=44405"}],"curies":[{"name":"wp","href":"https:\/\/api.w.org\/{rel}","templated":true}]}}