{"id":44358,"date":"2025-12-22T20:37:38","date_gmt":"2025-12-22T20:37:38","guid":{"rendered":"https:\/\/radiocresatelital.com\/?p=44358"},"modified":"2025-12-22T20:37:38","modified_gmt":"2025-12-22T20:37:38","slug":"hospital-luis-vernaza-invita-a-medios-de-comunicacion-a-jornada-de-prevencion-de-quemaduras","status":"publish","type":"post","link":"https:\/\/radiocresatelital.com\/?p=44358","title":{"rendered":"Hospital Luis Vernaza invita a medios de comunicaci\u00f3n a jornada de prevenci\u00f3n de quemaduras"},"content":{"rendered":"<p>Guayaquil.- El , a trav\u00e9s de su Unidad de Quemados, invita cordialmente a los medios de comunicaci\u00f3n a participar en la jornada informativa sobre el tema \u201cPrevenci\u00f3n de Quemaduras\u201d, que se llevar\u00e1 a cabo el lunes 22 de diciembre de 2025, en el horario de 08h00 a 09h45.<\/p>\n<p>La actividad se desarrollar\u00e1 en la Unidad de Quemados del hospital y contar\u00e1 con la vocer\u00eda de la Dra. Cristina Almeida, jefa de la Unidad de Quemados, quien brindar\u00e1 informaci\u00f3n clave sobre las principales causas de quemaduras, medidas de prevenci\u00f3n en el hogar y la comunidad, as\u00ed como recomendaciones para reducir riesgos, especialmente en temporadas festivas.<\/p>\n<p>Esta iniciativa tiene como objetivo sensibilizar a la poblaci\u00f3n, promover pr\u00e1cticas seguras y fortalecer la cultura de prevenci\u00f3n, reafirmando el compromiso del Hospital Luis Vernaza con la salud y el bienestar de la comunidad.<\/p>\n","protected":false},"excerpt":{"rendered":"<p>Guayaquil.- El , a trav\u00e9s de su Unidad de Quemados, invita cordialmente a los medios de comunicaci\u00f3n a participar en la jornada informativa sobre el tema \u201cPrevenci\u00f3n de Quemaduras\u201d, que se llevar\u00e1 a cabo el lunes 22 de diciembre de 2025, en el horario de 08h00 a 09h45. La actividad se desarrollar\u00e1 en la Unidad [&hellip;]<\/p>\n","protected":false},"author":2,"featured_media":44359,"comment_status":"open","ping_status":"closed","sticky":false,"template":"","format":"standard","meta":{"_jetpack_memberships_contains_paid_content":false,"footnotes":""},"categories":[33,13],"tags":[7149],"class_list":["post-44358","post","type-post","status-publish","format-standard","has-post-thumbnail","hentry","category-guayaquil","category-noticias-nacionales","tag-hospital-luis-vernaza"],"jetpack_featured_media_url":"https:\/\/radiocresatelital.com\/wp-content\/uploads\/2025\/12\/6689e1560fe80_2.jpg","jetpack_sharing_enabled":true,"_links":{"self":[{"href":"https:\/\/radiocresatelital.com\/index.php?rest_route=\/wp\/v2\/posts\/44358","targetHints":{"allow":["GET"]}}],"collection":[{"href":"https:\/\/radiocresatelital.com\/index.php?rest_route=\/wp\/v2\/posts"}],"about":[{"href":"https:\/\/radiocresatelital.com\/index.php?rest_route=\/wp\/v2\/types\/post"}],"author":[{"embeddable":true,"href":"https:\/\/radiocresatelital.com\/index.php?rest_route=\/wp\/v2\/users\/2"}],"replies":[{"embeddable":true,"href":"https:\/\/radiocresatelital.com\/index.php?rest_route=%2Fwp%2Fv2%2Fcomments&post=44358"}],"version-history":[{"count":1,"href":"https:\/\/radiocresatelital.com\/index.php?rest_route=\/wp\/v2\/posts\/44358\/revisions"}],"predecessor-version":[{"id":44360,"href":"https:\/\/radiocresatelital.com\/index.php?rest_route=\/wp\/v2\/posts\/44358\/revisions\/44360"}],"wp:featuredmedia":[{"embeddable":true,"href":"https:\/\/radiocresatelital.com\/index.php?rest_route=\/wp\/v2\/media\/44359"}],"wp:attachment":[{"href":"https:\/\/radiocresatelital.com\/index.php?rest_route=%2Fwp%2Fv2%2Fmedia&parent=44358"}],"wp:term":[{"taxonomy":"category","embeddable":true,"href":"https:\/\/radiocresatelital.com\/index.php?rest_route=%2Fwp%2Fv2%2Fcategories&post=44358"},{"taxonomy":"post_tag","embeddable":true,"href":"https:\/\/radiocresatelital.com\/index.php?rest_route=%2Fwp%2Fv2%2Ftags&post=44358"}],"curies":[{"name":"wp","href":"https:\/\/api.w.org\/{rel}","templated":true}]}}