{"id":44332,"date":"2025-12-22T19:30:23","date_gmt":"2025-12-22T19:30:23","guid":{"rendered":"https:\/\/radiocresatelital.com\/?p=44332"},"modified":"2025-12-22T19:30:23","modified_gmt":"2025-12-22T19:30:23","slug":"una-inversion-de-mas-de-usd-252-000-para-el-atletismo-en-guayaquil-presidente-daniel-noboa-entrega-la-repotenciada-pista-emilio-estrada-icaza","status":"publish","type":"post","link":"https:\/\/radiocresatelital.com\/?p=44332","title":{"rendered":"Una inversi\u00f3n de m\u00e1s de USD 252.000 para el atletismo en Guayaquil: Presidente Daniel Noboa entrega la repotenciada pista Emilio Estrada Icaza"},"content":{"rendered":"<p>Guayaquil. &#8211; Este 22 de diciembre, el Presidente de la Rep\u00fablica, Daniel Noboa Azin, entreg\u00f3 la pista de atletismo Emilio Estrada Icaza rehabilitada integralmente, tras una inversi\u00f3n estatal superior a USD 252.000. El prop\u00f3sito es repotenciar el atletismo en Guayaquil para dar m\u00e1s y mejores posibilidades competitivas y de preparaci\u00f3n a los deportistas guayaquile\u00f1os.<\/p>\n<p>La infraestructura deportiva estuvo abandonada por a\u00f1os en administraciones anteriores. Kiara Rodr\u00edguez, Tricampeona Paral\u00edmpica, record\u00f3 que hace a\u00f1os practicaba en una pista de tierra que muchas veces le provoc\u00f3 lesiones por la falta de condiciones adecuadas: \u201cera lo que ten\u00edamos\u201d, se\u00f1al\u00f3.<\/p>\n<p>Hoy, la realidad es diferente. La obra, que beneficiar\u00e1 entre 5.000 y 7.000 personas, contempl\u00f3 la instalaci\u00f3n de una pista sint\u00e9tica, mejoras en cubierta, iluminaci\u00f3n, pintura y mantenimiento general de las instalaciones, entre otros trabajos.<\/p>\n<p>El proyecto refleja el compromiso del Gobierno Nacional con el desarrollo deportivo, mediante la entrega de infraestructura moderna, segura y accesible, que fortalece el alto rendimiento, impulsa la formaci\u00f3n de nuevos talentos y promueve la actividad f\u00edsica y la inclusi\u00f3n social, no solo en Guayas, sino a escala nacional.<\/p>\n<p>Durante el acto participaron la ministra de Educaci\u00f3n, Deporte y Cultura, Gilda Alc\u00edvar Garc\u00eda, y el viceministro del Deporte, Roberto Ib\u00e1\u00f1ez. En sus intervenciones destacaron la importancia de democratizar el acceso al deporte y de fortalecer la infraestructura p\u00fablica destinada a la actividad f\u00edsica. \u201cPara que nuestra juventud se aleje de los riesgos<br \/>\ny est\u00e9 cada vez m\u00e1s cerca de sus sue\u00f1os\u201d, agreg\u00f3 la ministra del ramo.<\/p>\n<p>En ello, concord\u00f3 el jefe de Estado: \u201cEl deporte no es solo una salida de la violencia o de la pobreza; el deporte genera un c\u00edrculo virtuoso, genera motivaci\u00f3n constante\u201d, dijo. \u201cHoy, con mejores instalaciones y con el apoyo de un gobierno que reconoce el deporte como esencial para la vida, vamos a salir adelante\u201d, concluy\u00f3.<\/p>\n<p>Con la entrega de esta obra, el Gobierno Nacional ratifica su compromiso con el fortalecimiento del deporte como eje de desarrollo social y con la recuperaci\u00f3n de espacios p\u00fablicos dignos, seguros e inclusivos.<\/p>\n","protected":false},"excerpt":{"rendered":"<p>Guayaquil. &#8211; Este 22 de diciembre, el Presidente de la Rep\u00fablica, Daniel Noboa Azin, entreg\u00f3 la pista de atletismo Emilio Estrada Icaza rehabilitada integralmente, tras una inversi\u00f3n estatal superior a USD 252.000. El prop\u00f3sito es repotenciar el atletismo en Guayaquil para dar m\u00e1s y mejores posibilidades competitivas y de preparaci\u00f3n a los deportistas guayaquile\u00f1os. La [&hellip;]<\/p>\n","protected":false},"author":2,"featured_media":44333,"comment_status":"open","ping_status":"closed","sticky":false,"template":"","format":"standard","meta":{"_jetpack_memberships_contains_paid_content":false,"footnotes":""},"categories":[9],"tags":[1322],"class_list":["post-44332","post","type-post","status-publish","format-standard","has-post-thumbnail","hentry","category-deportes","tag-presidente-daniel-noboa"],"jetpack_featured_media_url":"https:\/\/radiocresatelital.com\/wp-content\/uploads\/2025\/12\/54999528386_366e3153ca_c.jpg","jetpack_sharing_enabled":true,"_links":{"self":[{"href":"https:\/\/radiocresatelital.com\/index.php?rest_route=\/wp\/v2\/posts\/44332","targetHints":{"allow":["GET"]}}],"collection":[{"href":"https:\/\/radiocresatelital.com\/index.php?rest_route=\/wp\/v2\/posts"}],"about":[{"href":"https:\/\/radiocresatelital.com\/index.php?rest_route=\/wp\/v2\/types\/post"}],"author":[{"embeddable":true,"href":"https:\/\/radiocresatelital.com\/index.php?rest_route=\/wp\/v2\/users\/2"}],"replies":[{"embeddable":true,"href":"https:\/\/radiocresatelital.com\/index.php?rest_route=%2Fwp%2Fv2%2Fcomments&post=44332"}],"version-history":[{"count":1,"href":"https:\/\/radiocresatelital.com\/index.php?rest_route=\/wp\/v2\/posts\/44332\/revisions"}],"predecessor-version":[{"id":44334,"href":"https:\/\/radiocresatelital.com\/index.php?rest_route=\/wp\/v2\/posts\/44332\/revisions\/44334"}],"wp:featuredmedia":[{"embeddable":true,"href":"https:\/\/radiocresatelital.com\/index.php?rest_route=\/wp\/v2\/media\/44333"}],"wp:attachment":[{"href":"https:\/\/radiocresatelital.com\/index.php?rest_route=%2Fwp%2Fv2%2Fmedia&parent=44332"}],"wp:term":[{"taxonomy":"category","embeddable":true,"href":"https:\/\/radiocresatelital.com\/index.php?rest_route=%2Fwp%2Fv2%2Fcategories&post=44332"},{"taxonomy":"post_tag","embeddable":true,"href":"https:\/\/radiocresatelital.com\/index.php?rest_route=%2Fwp%2Fv2%2Ftags&post=44332"}],"curies":[{"name":"wp","href":"https:\/\/api.w.org\/{rel}","templated":true}]}}