{"id":44265,"date":"2025-12-17T23:46:21","date_gmt":"2025-12-17T23:46:21","guid":{"rendered":"https:\/\/radiocresatelital.com\/?p=44265"},"modified":"2025-12-17T23:46:21","modified_gmt":"2025-12-17T23:46:21","slug":"movistar-best-pc-sigue-firme-como-lider-de-la-montana-de-la-vuelta-a-costa-rica","status":"publish","type":"post","link":"https:\/\/radiocresatelital.com\/?p=44265","title":{"rendered":"Movistar Best PC sigue firme como l\u00edder de la monta\u00f1a de la Vuelta a Costa Rica"},"content":{"rendered":"<p>San Jos\u00e9.- El ciclista del Movistar Best PC Santiago Montenegro se mantiene como l\u00edder de los premios de monta\u00f1a de la edici\u00f3n 59 de la Vuelta a Costa Rica, tras completar la mitad del recorrido de la ronda centroamericana<\/p>\n<p>Tras la sexta jornada, Montenegro suma 40 puntos, dejando el segundo lugar para Luis Oses, que tiene 22 y en la tercera casilla aparece Wilson Haro, tambi\u00e9n con 22 unidades.<\/p>\n<p>El mejor ecuatoriano en la clasificaci\u00f3n general, liderada por Oses, es su compa\u00f1ero Richard Huera, quien se encuentra en la cuarta casilla. Adem\u00e1s de comandar la general de la monta\u00f1a, Montenegro se ubica en el puesto 12 de la general.<\/p>\n<p>El <strong>Movistar Best PC <\/strong>coloca a otro corredor en el top ten de la general; se trata de Nixon Rosero, quien ocupa la s\u00e9ptima casilla.<\/p>\n<p>As\u00ed mismo, el \u00fanico equipo continental ecuatoriano tiene a tres de sus pedalistas entre los 10 primeros de la categor\u00eda sub 23. Erick Pozo, H\u00e9ctor \u00c1lvarez y Luis Monteros, quienes est\u00e1n en los puestos 6, 8 y 9, respectivamente.<\/p>\n<p>La mala noticia es que El Patr\u00f3n, Byron Guam\u00e1 es baja debido a un virus en el pelot\u00f3n, que ha dejado al margen a varios corredores.<\/p>\n<p>En cuanto al resto del lote del <strong>Movistar Best PC <\/strong>se ubican en la general de la siguiente manera: Pozo en el puesto 20, \u00c1lvarez en el 31 y Monteros en el 34.<\/p>\n<p>Para la s\u00e9ptima etapa de la edici\u00f3n 59 de la Vuelta a Costa Rica, la organizaci\u00f3n determin\u00f3 que la salida sea en la ciudad de Neily hasta la localidad de Buenos Aires, sobre 164 kil\u00f3metros.<\/p>\n","protected":false},"excerpt":{"rendered":"<p>San Jos\u00e9.- El ciclista del Movistar Best PC Santiago Montenegro se mantiene como l\u00edder de los premios de monta\u00f1a de la edici\u00f3n 59 de la Vuelta a Costa Rica, tras completar la mitad del recorrido de la ronda centroamericana Tras la sexta jornada, Montenegro suma 40 puntos, dejando el segundo lugar para Luis Oses, que [&hellip;]<\/p>\n","protected":false},"author":2,"featured_media":44266,"comment_status":"open","ping_status":"closed","sticky":false,"template":"","format":"standard","meta":{"_jetpack_memberships_contains_paid_content":false,"footnotes":""},"categories":[120,9],"tags":[1029],"class_list":["post-44265","post","type-post","status-publish","format-standard","has-post-thumbnail","hentry","category-ciclismo","category-deportes","tag-movistar-best-pc"],"jetpack_featured_media_url":"https:\/\/radiocresatelital.com\/wp-content\/uploads\/2025\/12\/WhatsApp-Image-2025-12-17-at-15.35.20.jpeg","jetpack_sharing_enabled":true,"_links":{"self":[{"href":"https:\/\/radiocresatelital.com\/index.php?rest_route=\/wp\/v2\/posts\/44265","targetHints":{"allow":["GET"]}}],"collection":[{"href":"https:\/\/radiocresatelital.com\/index.php?rest_route=\/wp\/v2\/posts"}],"about":[{"href":"https:\/\/radiocresatelital.com\/index.php?rest_route=\/wp\/v2\/types\/post"}],"author":[{"embeddable":true,"href":"https:\/\/radiocresatelital.com\/index.php?rest_route=\/wp\/v2\/users\/2"}],"replies":[{"embeddable":true,"href":"https:\/\/radiocresatelital.com\/index.php?rest_route=%2Fwp%2Fv2%2Fcomments&post=44265"}],"version-history":[{"count":1,"href":"https:\/\/radiocresatelital.com\/index.php?rest_route=\/wp\/v2\/posts\/44265\/revisions"}],"predecessor-version":[{"id":44267,"href":"https:\/\/radiocresatelital.com\/index.php?rest_route=\/wp\/v2\/posts\/44265\/revisions\/44267"}],"wp:featuredmedia":[{"embeddable":true,"href":"https:\/\/radiocresatelital.com\/index.php?rest_route=\/wp\/v2\/media\/44266"}],"wp:attachment":[{"href":"https:\/\/radiocresatelital.com\/index.php?rest_route=%2Fwp%2Fv2%2Fmedia&parent=44265"}],"wp:term":[{"taxonomy":"category","embeddable":true,"href":"https:\/\/radiocresatelital.com\/index.php?rest_route=%2Fwp%2Fv2%2Fcategories&post=44265"},{"taxonomy":"post_tag","embeddable":true,"href":"https:\/\/radiocresatelital.com\/index.php?rest_route=%2Fwp%2Fv2%2Ftags&post=44265"}],"curies":[{"name":"wp","href":"https:\/\/api.w.org\/{rel}","templated":true}]}}